{"id":85774,"date":"2025-09-01T10:41:57","date_gmt":"2025-09-01T08:41:57","guid":{"rendered":"https:\/\/www.ohis.be\/?p=85774"},"modified":"2025-09-01T10:43:27","modified_gmt":"2025-09-01T08:43:27","slug":"neuer-vetter-saeulenschwenkkran-in-comines-steigert-produktivitaet-und-sicherheit","status":"publish","type":"post","link":"https:\/\/www.ohis.be\/de\/neuer-vetter-saeulenschwenkkran-in-comines-steigert-produktivitaet-und-sicherheit\/","title":{"rendered":"Neuer VETTER-S\u00e4ulenschwenkkran in Comines steigert Produktivit\u00e4t und Sicherheit"},"content":{"rendered":"\t\t<div data-elementor-type=\"wp-post\" data-elementor-id=\"85774\" class=\"elementor elementor-85774 elementor-85745\" data-elementor-post-type=\"post\">\n\t\t\t\t<div class=\"elementor-element elementor-element-b7a48f4 e-flex e-con-boxed e-con e-parent\" data-id=\"b7a48f4\" data-element_type=\"container\" data-e-type=\"container\">\n\t\t\t\t\t<div class=\"e-con-inner\">\n\t\t\t\t<div class=\"elementor-element elementor-element-a9b000f elementor-widget elementor-widget-image\" data-id=\"a9b000f\" data-element_type=\"widget\" data-e-type=\"widget\" data-widget_type=\"image.default\">\n\t\t\t\t<div class=\"elementor-widget-container\">\n\t\t\t\t\t\t\t\t\t\t\t\t\t\t\t<img fetchpriority=\"high\" decoding=\"async\" width=\"768\" height=\"1024\" src=\"https:\/\/www.ohis.be\/wp-content\/uploads\/2025\/09\/20250826_120728-768x1024.jpg\" class=\"attachment-large size-large wp-image-85749\" alt=\"\" srcset=\"https:\/\/www.ohis.be\/wp-content\/uploads\/2025\/09\/20250826_120728-768x1024.jpg 768w, https:\/\/www.ohis.be\/wp-content\/uploads\/2025\/09\/20250826_120728-225x300.jpg 225w, https:\/\/www.ohis.be\/wp-content\/uploads\/2025\/09\/20250826_120728-1152x1536.jpg 1152w, https:\/\/www.ohis.be\/wp-content\/uploads\/2025\/09\/20250826_120728-1536x2048.jpg 1536w, https:\/\/www.ohis.be\/wp-content\/uploads\/2025\/09\/20250826_120728-18x24.jpg 18w, https:\/\/www.ohis.be\/wp-content\/uploads\/2025\/09\/20250826_120728-27x36.jpg 27w, https:\/\/www.ohis.be\/wp-content\/uploads\/2025\/09\/20250826_120728-36x48.jpg 36w, https:\/\/www.ohis.be\/wp-content\/uploads\/2025\/09\/20250826_120728-600x800.jpg 600w, https:\/\/www.ohis.be\/wp-content\/uploads\/2025\/09\/20250826_120728-64x85.jpg 64w, https:\/\/www.ohis.be\/wp-content\/uploads\/2025\/09\/20250826_120728-scaled.jpg 1920w\" sizes=\"(max-width: 768px) 100vw, 768px\" \/>\t\t\t\t\t\t\t\t\t\t\t\t\t\t\t<\/div>\n\t\t\t\t<\/div>\n\t\t\t\t\t<\/div>\n\t\t\t\t<\/div>\n\t\t<div class=\"elementor-element elementor-element-c91eb26 e-flex e-con-boxed e-con e-parent\" data-id=\"c91eb26\" data-element_type=\"container\" data-e-type=\"container\">\n\t\t\t\t\t<div class=\"e-con-inner\">\n\t\t\t\t<div class=\"elementor-element elementor-element-4a78bfd elementor-widget elementor-widget-text-editor\" data-id=\"4a78bfd\" data-element_type=\"widget\" data-e-type=\"widget\" data-widget_type=\"text-editor.default\">\n\t\t\t\t<div class=\"elementor-widget-container\">\n\t\t\t\t\t\t\t\t\t<p>In einem <strong>Produktionshalle in Comines<\/strong> haben wir einen <a href=\"https:\/\/www.ohis.be\/de\/produit\/saulenschwenkkran-assistent-as\/\"><strong>VETTER-S\u00e4ulenschwenkkran<\/strong><\/a> installiert mit:<\/p><ul><li><strong>Ausladung<\/strong>: 6 Meter<\/li><li><strong>Tragf\u00e4higkeit<\/strong>: 500 kg<\/li><li><strong>Vollst\u00e4ndig elektrisch angetriebene Bewegungen<\/strong><\/li><\/ul><p>Dieser S\u00e4ulenschwenkkran erm\u00f6glicht es, <strong>Betonelemente schnell, sicher und ergonomisch zu bewegen<\/strong>, wodurch Durchlaufzeiten verk\u00fcrzt und die k\u00f6rperliche Belastung der Mitarbeitenden reduziert werden.<\/p><p><strong>\ud83d\udd27<\/strong><strong> Schnelle und effiziente Montage<\/strong><\/p><p>Die Installation verlief reibungslos dank der <strong>praktischen Zwischenbodenplatte<\/strong> und des <strong>perfekt ausgearbeiteten Montageplans<\/strong> von <a href=\"https:\/\/www.vettercranes.com\/de\/\"><strong>VETTER Krantechnik GmbH<\/strong><\/a>. Das Ergebnis: schnelle Inbetriebnahme und minimale Produktionsunterbrechung.<\/p><p><strong>\ud83d\udca1<\/strong><strong> Vorteile f\u00fcr den Kunden<\/strong><\/p><ul><li>H\u00f6here Produktivit\u00e4t<\/li><li>Verbesserte Arbeitssicherheit<\/li><li>Optimale Raumausnutzung<\/li><li>Weniger k\u00f6rperliche Belastung f\u00fcr Mitarbeitende<\/li><\/ul>\t\t\t\t\t\t\t\t<\/div>\n\t\t\t\t<\/div>\n\t\t\t\t\t<\/div>\n\t\t\t\t<\/div>\n\t\t<div class=\"elementor-element elementor-element-69dc313 e-flex e-con-boxed e-con e-parent\" data-id=\"69dc313\" data-element_type=\"container\" data-e-type=\"container\">\n\t\t\t\t\t<div class=\"e-con-inner\">\n\t\t<div class=\"elementor-element elementor-element-8387067 e-con-full e-flex e-con e-child\" data-id=\"8387067\" data-element_type=\"container\" data-e-type=\"container\">\n\t\t\t\t<div class=\"elementor-element elementor-element-bd2bfcd elementor-widget elementor-widget-image\" data-id=\"bd2bfcd\" data-element_type=\"widget\" data-e-type=\"widget\" data-widget_type=\"image.default\">\n\t\t\t\t<div class=\"elementor-widget-container\">\n\t\t\t\t\t\t\t\t\t\t\t\t\t\t\t<img decoding=\"async\" width=\"768\" height=\"1024\" src=\"https:\/\/www.ohis.be\/wp-content\/uploads\/2025\/09\/20250825_111957-768x1024.jpg\" class=\"attachment-large size-large wp-image-85754\" alt=\"\" srcset=\"https:\/\/www.ohis.be\/wp-content\/uploads\/2025\/09\/20250825_111957-768x1024.jpg 768w, https:\/\/www.ohis.be\/wp-content\/uploads\/2025\/09\/20250825_111957-225x300.jpg 225w, https:\/\/www.ohis.be\/wp-content\/uploads\/2025\/09\/20250825_111957-1152x1536.jpg 1152w, https:\/\/www.ohis.be\/wp-content\/uploads\/2025\/09\/20250825_111957-1536x2048.jpg 1536w, https:\/\/www.ohis.be\/wp-content\/uploads\/2025\/09\/20250825_111957-18x24.jpg 18w, https:\/\/www.ohis.be\/wp-content\/uploads\/2025\/09\/20250825_111957-27x36.jpg 27w, https:\/\/www.ohis.be\/wp-content\/uploads\/2025\/09\/20250825_111957-36x48.jpg 36w, https:\/\/www.ohis.be\/wp-content\/uploads\/2025\/09\/20250825_111957-600x800.jpg 600w, https:\/\/www.ohis.be\/wp-content\/uploads\/2025\/09\/20250825_111957-64x85.jpg 64w, https:\/\/www.ohis.be\/wp-content\/uploads\/2025\/09\/20250825_111957-scaled.jpg 1920w\" sizes=\"(max-width: 768px) 100vw, 768px\" \/>\t\t\t\t\t\t\t\t\t\t\t\t\t\t\t<\/div>\n\t\t\t\t<\/div>\n\t\t\t\t<\/div>\n\t\t<div class=\"elementor-element elementor-element-7af448b e-con-full e-flex e-con e-child\" data-id=\"7af448b\" data-element_type=\"container\" data-e-type=\"container\">\n\t\t\t\t<div class=\"elementor-element elementor-element-569a14b elementor-widget elementor-widget-image\" data-id=\"569a14b\" data-element_type=\"widget\" data-e-type=\"widget\" data-widget_type=\"image.default\">\n\t\t\t\t<div class=\"elementor-widget-container\">\n\t\t\t\t\t\t\t\t\t\t\t\t\t\t\t<img decoding=\"async\" width=\"768\" height=\"1024\" src=\"https:\/\/www.ohis.be\/wp-content\/uploads\/2025\/09\/20250825_160815-768x1024.jpg\" class=\"attachment-large size-large wp-image-85758\" alt=\"\" srcset=\"https:\/\/www.ohis.be\/wp-content\/uploads\/2025\/09\/20250825_160815-768x1024.jpg 768w, https:\/\/www.ohis.be\/wp-content\/uploads\/2025\/09\/20250825_160815-225x300.jpg 225w, https:\/\/www.ohis.be\/wp-content\/uploads\/2025\/09\/20250825_160815-1152x1536.jpg 1152w, https:\/\/www.ohis.be\/wp-content\/uploads\/2025\/09\/20250825_160815-1536x2048.jpg 1536w, https:\/\/www.ohis.be\/wp-content\/uploads\/2025\/09\/20250825_160815-18x24.jpg 18w, https:\/\/www.ohis.be\/wp-content\/uploads\/2025\/09\/20250825_160815-27x36.jpg 27w, https:\/\/www.ohis.be\/wp-content\/uploads\/2025\/09\/20250825_160815-36x48.jpg 36w, https:\/\/www.ohis.be\/wp-content\/uploads\/2025\/09\/20250825_160815-600x800.jpg 600w, https:\/\/www.ohis.be\/wp-content\/uploads\/2025\/09\/20250825_160815-64x85.jpg 64w, https:\/\/www.ohis.be\/wp-content\/uploads\/2025\/09\/20250825_160815-scaled.jpg 1920w\" sizes=\"(max-width: 768px) 100vw, 768px\" \/>\t\t\t\t\t\t\t\t\t\t\t\t\t\t\t<\/div>\n\t\t\t\t<\/div>\n\t\t\t\t<\/div>\n\t\t\t\t\t<\/div>\n\t\t\t\t<\/div>\n\t\t\t\t<\/div>\n\t\t","protected":false},"excerpt":{"rendered":"<p>In einem Produktionshalle in Comines haben wir einen VETTER-S\u00e4ulenschwenkkran installiert mit: Ausladung: 6 Meter Tragf\u00e4higkeit: 500 kg Vollst\u00e4ndig elektrisch angetriebene Bewegungen Dieser S\u00e4ulenschwenkkran erm\u00f6glicht es, Betonelemente schnell, sicher und ergonomisch zu bewegen, wodurch Durchlaufzeiten verk\u00fcrzt und die k\u00f6rperliche Belastung der Mitarbeitenden reduziert werden. \ud83d\udd27 Schnelle und effiziente Montage Die Installation verlief reibungslos dank der praktischen [&hellip;]<\/p>\n","protected":false},"author":46,"featured_media":85749,"comment_status":"closed","ping_status":"closed","sticky":false,"template":"","format":"standard","meta":{"_acf_changed":false,"inline_featured_image":false,"footnotes":""},"categories":[196],"tags":[],"class_list":["post-85774","post","type-post","status-publish","format-standard","has-post-thumbnail","hentry","category-schwenkkrane"],"acf":[],"yoast_head":"<!-- This site is optimized with the Yoast SEO plugin v27.4 - https:\/\/yoast.com\/product\/yoast-seo-wordpress\/ -->\n<title>Neuer VETTER-S\u00e4ulenschwenkkran in Comines steigert Produktivit\u00e4t und Sicherheit - Ohis<\/title>\n<meta name=\"robots\" content=\"index, follow, max-snippet:-1, max-image-preview:large, max-video-preview:-1\" \/>\n<link rel=\"canonical\" href=\"https:\/\/www.ohis.be\/de\/neuer-vetter-saeulenschwenkkran-in-comines-steigert-produktivitaet-und-sicherheit\/\" \/>\n<meta property=\"og:locale\" content=\"de_DE\" \/>\n<meta property=\"og:type\" content=\"article\" \/>\n<meta property=\"og:title\" content=\"Neuer VETTER-S\u00e4ulenschwenkkran in Comines steigert Produktivit\u00e4t und Sicherheit - Ohis\" \/>\n<meta property=\"og:description\" content=\"In einem Produktionshalle in Comines haben wir einen VETTER-S\u00e4ulenschwenkkran installiert mit: Ausladung: 6 Meter Tragf\u00e4higkeit: 500 kg Vollst\u00e4ndig elektrisch angetriebene Bewegungen Dieser S\u00e4ulenschwenkkran erm\u00f6glicht es, Betonelemente schnell, sicher und ergonomisch zu bewegen, wodurch Durchlaufzeiten verk\u00fcrzt und die k\u00f6rperliche Belastung der Mitarbeitenden reduziert werden. \ud83d\udd27 Schnelle und effiziente Montage Die Installation verlief reibungslos dank der praktischen [&hellip;]\" \/>\n<meta property=\"og:url\" content=\"https:\/\/www.ohis.be\/de\/neuer-vetter-saeulenschwenkkran-in-comines-steigert-produktivitaet-und-sicherheit\/\" \/>\n<meta property=\"og:site_name\" content=\"Ohis\" \/>\n<meta property=\"article:published_time\" content=\"2025-09-01T08:41:57+00:00\" \/>\n<meta property=\"article:modified_time\" content=\"2025-09-01T08:43:27+00:00\" \/>\n<meta property=\"og:image\" content=\"https:\/\/www.ohis.be\/wp-content\/uploads\/2025\/09\/20250826_120728-scaled.jpg\" \/>\n\t<meta property=\"og:image:width\" content=\"1920\" \/>\n\t<meta property=\"og:image:height\" content=\"2560\" \/>\n\t<meta property=\"og:image:type\" content=\"image\/jpeg\" \/>\n<meta name=\"author\" content=\"Christophe Bontinck\" \/>\n<meta name=\"twitter:card\" content=\"summary_large_image\" \/>\n<meta name=\"twitter:label1\" content=\"Verfasst von\" \/>\n\t<meta name=\"twitter:data1\" content=\"Christophe Bontinck\" \/>\n\t<meta name=\"twitter:label2\" content=\"Gesch\u00e4tzte Lesezeit\" \/>\n\t<meta name=\"twitter:data2\" content=\"2\u00a0Minuten\" \/>\n<script type=\"application\/ld+json\" class=\"yoast-schema-graph\">{\"@context\":\"https:\\\/\\\/schema.org\",\"@graph\":[{\"@type\":\"Article\",\"@id\":\"https:\\\/\\\/www.ohis.be\\\/de\\\/neuer-vetter-saeulenschwenkkran-in-comines-steigert-produktivitaet-und-sicherheit\\\/#article\",\"isPartOf\":{\"@id\":\"https:\\\/\\\/www.ohis.be\\\/de\\\/neuer-vetter-saeulenschwenkkran-in-comines-steigert-produktivitaet-und-sicherheit\\\/\"},\"author\":{\"name\":\"Christophe Bontinck\",\"@id\":\"https:\\\/\\\/www.ohis.be\\\/#\\\/schema\\\/person\\\/73c0dd340351c70d77273b650e24306f\"},\"headline\":\"Neuer VETTER-S\u00e4ulenschwenkkran in Comines steigert Produktivit\u00e4t und Sicherheit\",\"datePublished\":\"2025-09-01T08:41:57+00:00\",\"dateModified\":\"2025-09-01T08:43:27+00:00\",\"mainEntityOfPage\":{\"@id\":\"https:\\\/\\\/www.ohis.be\\\/de\\\/neuer-vetter-saeulenschwenkkran-in-comines-steigert-produktivitaet-und-sicherheit\\\/\"},\"wordCount\":106,\"publisher\":{\"@id\":\"https:\\\/\\\/www.ohis.be\\\/#organization\"},\"image\":{\"@id\":\"https:\\\/\\\/www.ohis.be\\\/de\\\/neuer-vetter-saeulenschwenkkran-in-comines-steigert-produktivitaet-und-sicherheit\\\/#primaryimage\"},\"thumbnailUrl\":\"https:\\\/\\\/www.ohis.be\\\/wp-content\\\/uploads\\\/2025\\\/09\\\/20250826_120728-scaled.jpg\",\"articleSection\":[\"Schwenkkrane\"],\"inLanguage\":\"de\"},{\"@type\":\"WebPage\",\"@id\":\"https:\\\/\\\/www.ohis.be\\\/de\\\/neuer-vetter-saeulenschwenkkran-in-comines-steigert-produktivitaet-und-sicherheit\\\/\",\"url\":\"https:\\\/\\\/www.ohis.be\\\/de\\\/neuer-vetter-saeulenschwenkkran-in-comines-steigert-produktivitaet-und-sicherheit\\\/\",\"name\":\"Neuer VETTER-S\u00e4ulenschwenkkran in Comines steigert Produktivit\u00e4t und Sicherheit - Ohis\",\"isPartOf\":{\"@id\":\"https:\\\/\\\/www.ohis.be\\\/#website\"},\"primaryImageOfPage\":{\"@id\":\"https:\\\/\\\/www.ohis.be\\\/de\\\/neuer-vetter-saeulenschwenkkran-in-comines-steigert-produktivitaet-und-sicherheit\\\/#primaryimage\"},\"image\":{\"@id\":\"https:\\\/\\\/www.ohis.be\\\/de\\\/neuer-vetter-saeulenschwenkkran-in-comines-steigert-produktivitaet-und-sicherheit\\\/#primaryimage\"},\"thumbnailUrl\":\"https:\\\/\\\/www.ohis.be\\\/wp-content\\\/uploads\\\/2025\\\/09\\\/20250826_120728-scaled.jpg\",\"datePublished\":\"2025-09-01T08:41:57+00:00\",\"dateModified\":\"2025-09-01T08:43:27+00:00\",\"breadcrumb\":{\"@id\":\"https:\\\/\\\/www.ohis.be\\\/de\\\/neuer-vetter-saeulenschwenkkran-in-comines-steigert-produktivitaet-und-sicherheit\\\/#breadcrumb\"},\"inLanguage\":\"de\",\"potentialAction\":[{\"@type\":\"ReadAction\",\"target\":[\"https:\\\/\\\/www.ohis.be\\\/de\\\/neuer-vetter-saeulenschwenkkran-in-comines-steigert-produktivitaet-und-sicherheit\\\/\"]}]},{\"@type\":\"ImageObject\",\"inLanguage\":\"de\",\"@id\":\"https:\\\/\\\/www.ohis.be\\\/de\\\/neuer-vetter-saeulenschwenkkran-in-comines-steigert-produktivitaet-und-sicherheit\\\/#primaryimage\",\"url\":\"https:\\\/\\\/www.ohis.be\\\/wp-content\\\/uploads\\\/2025\\\/09\\\/20250826_120728-scaled.jpg\",\"contentUrl\":\"https:\\\/\\\/www.ohis.be\\\/wp-content\\\/uploads\\\/2025\\\/09\\\/20250826_120728-scaled.jpg\",\"width\":1920,\"height\":2560},{\"@type\":\"BreadcrumbList\",\"@id\":\"https:\\\/\\\/www.ohis.be\\\/de\\\/neuer-vetter-saeulenschwenkkran-in-comines-steigert-produktivitaet-und-sicherheit\\\/#breadcrumb\",\"itemListElement\":[{\"@type\":\"ListItem\",\"position\":1,\"name\":\"Accueil\",\"item\":\"https:\\\/\\\/www.ohis.be\\\/de\\\/\"},{\"@type\":\"ListItem\",\"position\":2,\"name\":\"Neuer VETTER-S\u00e4ulenschwenkkran in Comines steigert Produktivit\u00e4t und Sicherheit\"}]},{\"@type\":\"WebSite\",\"@id\":\"https:\\\/\\\/www.ohis.be\\\/#website\",\"url\":\"https:\\\/\\\/www.ohis.be\\\/\",\"name\":\"Ohis\",\"description\":\"Outils de levage\",\"publisher\":{\"@id\":\"https:\\\/\\\/www.ohis.be\\\/#organization\"},\"potentialAction\":[{\"@type\":\"SearchAction\",\"target\":{\"@type\":\"EntryPoint\",\"urlTemplate\":\"https:\\\/\\\/www.ohis.be\\\/?s={search_term_string}\"},\"query-input\":{\"@type\":\"PropertyValueSpecification\",\"valueRequired\":true,\"valueName\":\"search_term_string\"}}],\"inLanguage\":\"de\"},{\"@type\":\"Organization\",\"@id\":\"https:\\\/\\\/www.ohis.be\\\/#organization\",\"name\":\"Ohis\",\"url\":\"https:\\\/\\\/www.ohis.be\\\/\",\"logo\":{\"@type\":\"ImageObject\",\"inLanguage\":\"de\",\"@id\":\"https:\\\/\\\/www.ohis.be\\\/#\\\/schema\\\/logo\\\/image\\\/\",\"url\":\"https:\\\/\\\/www.ohis.be\\\/wp-content\\\/uploads\\\/2021\\\/02\\\/logo-ohis-wit.svg\",\"contentUrl\":\"https:\\\/\\\/www.ohis.be\\\/wp-content\\\/uploads\\\/2021\\\/02\\\/logo-ohis-wit.svg\",\"caption\":\"Ohis\"},\"image\":{\"@id\":\"https:\\\/\\\/www.ohis.be\\\/#\\\/schema\\\/logo\\\/image\\\/\"}},{\"@type\":\"Person\",\"@id\":\"https:\\\/\\\/www.ohis.be\\\/#\\\/schema\\\/person\\\/73c0dd340351c70d77273b650e24306f\",\"name\":\"Christophe Bontinck\",\"image\":{\"@type\":\"ImageObject\",\"inLanguage\":\"de\",\"@id\":\"https:\\\/\\\/secure.gravatar.com\\\/avatar\\\/e91a7585ff4b49b31ac58b8cb469f4ff41cdf3f4174459c179977ffe0b684f92?s=96&d=mm&r=g\",\"url\":\"https:\\\/\\\/secure.gravatar.com\\\/avatar\\\/e91a7585ff4b49b31ac58b8cb469f4ff41cdf3f4174459c179977ffe0b684f92?s=96&d=mm&r=g\",\"contentUrl\":\"https:\\\/\\\/secure.gravatar.com\\\/avatar\\\/e91a7585ff4b49b31ac58b8cb469f4ff41cdf3f4174459c179977ffe0b684f92?s=96&d=mm&r=g\",\"caption\":\"Christophe Bontinck\"},\"url\":\"https:\\\/\\\/www.ohis.be\\\/de\\\/author\\\/cbohis-be\\\/\"}]}<\/script>\n<!-- \/ Yoast SEO plugin. -->","yoast_head_json":{"title":"Neuer VETTER-S\u00e4ulenschwenkkran in Comines steigert Produktivit\u00e4t und Sicherheit - Ohis","robots":{"index":"index","follow":"follow","max-snippet":"max-snippet:-1","max-image-preview":"max-image-preview:large","max-video-preview":"max-video-preview:-1"},"canonical":"https:\/\/www.ohis.be\/de\/neuer-vetter-saeulenschwenkkran-in-comines-steigert-produktivitaet-und-sicherheit\/","og_locale":"de_DE","og_type":"article","og_title":"Neuer VETTER-S\u00e4ulenschwenkkran in Comines steigert Produktivit\u00e4t und Sicherheit - Ohis","og_description":"In einem Produktionshalle in Comines haben wir einen VETTER-S\u00e4ulenschwenkkran installiert mit: Ausladung: 6 Meter Tragf\u00e4higkeit: 500 kg Vollst\u00e4ndig elektrisch angetriebene Bewegungen Dieser S\u00e4ulenschwenkkran erm\u00f6glicht es, Betonelemente schnell, sicher und ergonomisch zu bewegen, wodurch Durchlaufzeiten verk\u00fcrzt und die k\u00f6rperliche Belastung der Mitarbeitenden reduziert werden. \ud83d\udd27 Schnelle und effiziente Montage Die Installation verlief reibungslos dank der praktischen [&hellip;]","og_url":"https:\/\/www.ohis.be\/de\/neuer-vetter-saeulenschwenkkran-in-comines-steigert-produktivitaet-und-sicherheit\/","og_site_name":"Ohis","article_published_time":"2025-09-01T08:41:57+00:00","article_modified_time":"2025-09-01T08:43:27+00:00","og_image":[{"width":1920,"height":2560,"url":"https:\/\/www.ohis.be\/wp-content\/uploads\/2025\/09\/20250826_120728-scaled.jpg","type":"image\/jpeg"}],"author":"Christophe Bontinck","twitter_card":"summary_large_image","twitter_misc":{"Verfasst von":"Christophe Bontinck","Gesch\u00e4tzte Lesezeit":"2\u00a0Minuten"},"schema":{"@context":"https:\/\/schema.org","@graph":[{"@type":"Article","@id":"https:\/\/www.ohis.be\/de\/neuer-vetter-saeulenschwenkkran-in-comines-steigert-produktivitaet-und-sicherheit\/#article","isPartOf":{"@id":"https:\/\/www.ohis.be\/de\/neuer-vetter-saeulenschwenkkran-in-comines-steigert-produktivitaet-und-sicherheit\/"},"author":{"name":"Christophe Bontinck","@id":"https:\/\/www.ohis.be\/#\/schema\/person\/73c0dd340351c70d77273b650e24306f"},"headline":"Neuer VETTER-S\u00e4ulenschwenkkran in Comines steigert Produktivit\u00e4t und Sicherheit","datePublished":"2025-09-01T08:41:57+00:00","dateModified":"2025-09-01T08:43:27+00:00","mainEntityOfPage":{"@id":"https:\/\/www.ohis.be\/de\/neuer-vetter-saeulenschwenkkran-in-comines-steigert-produktivitaet-und-sicherheit\/"},"wordCount":106,"publisher":{"@id":"https:\/\/www.ohis.be\/#organization"},"image":{"@id":"https:\/\/www.ohis.be\/de\/neuer-vetter-saeulenschwenkkran-in-comines-steigert-produktivitaet-und-sicherheit\/#primaryimage"},"thumbnailUrl":"https:\/\/www.ohis.be\/wp-content\/uploads\/2025\/09\/20250826_120728-scaled.jpg","articleSection":["Schwenkkrane"],"inLanguage":"de"},{"@type":"WebPage","@id":"https:\/\/www.ohis.be\/de\/neuer-vetter-saeulenschwenkkran-in-comines-steigert-produktivitaet-und-sicherheit\/","url":"https:\/\/www.ohis.be\/de\/neuer-vetter-saeulenschwenkkran-in-comines-steigert-produktivitaet-und-sicherheit\/","name":"Neuer VETTER-S\u00e4ulenschwenkkran in Comines steigert Produktivit\u00e4t und Sicherheit - Ohis","isPartOf":{"@id":"https:\/\/www.ohis.be\/#website"},"primaryImageOfPage":{"@id":"https:\/\/www.ohis.be\/de\/neuer-vetter-saeulenschwenkkran-in-comines-steigert-produktivitaet-und-sicherheit\/#primaryimage"},"image":{"@id":"https:\/\/www.ohis.be\/de\/neuer-vetter-saeulenschwenkkran-in-comines-steigert-produktivitaet-und-sicherheit\/#primaryimage"},"thumbnailUrl":"https:\/\/www.ohis.be\/wp-content\/uploads\/2025\/09\/20250826_120728-scaled.jpg","datePublished":"2025-09-01T08:41:57+00:00","dateModified":"2025-09-01T08:43:27+00:00","breadcrumb":{"@id":"https:\/\/www.ohis.be\/de\/neuer-vetter-saeulenschwenkkran-in-comines-steigert-produktivitaet-und-sicherheit\/#breadcrumb"},"inLanguage":"de","potentialAction":[{"@type":"ReadAction","target":["https:\/\/www.ohis.be\/de\/neuer-vetter-saeulenschwenkkran-in-comines-steigert-produktivitaet-und-sicherheit\/"]}]},{"@type":"ImageObject","inLanguage":"de","@id":"https:\/\/www.ohis.be\/de\/neuer-vetter-saeulenschwenkkran-in-comines-steigert-produktivitaet-und-sicherheit\/#primaryimage","url":"https:\/\/www.ohis.be\/wp-content\/uploads\/2025\/09\/20250826_120728-scaled.jpg","contentUrl":"https:\/\/www.ohis.be\/wp-content\/uploads\/2025\/09\/20250826_120728-scaled.jpg","width":1920,"height":2560},{"@type":"BreadcrumbList","@id":"https:\/\/www.ohis.be\/de\/neuer-vetter-saeulenschwenkkran-in-comines-steigert-produktivitaet-und-sicherheit\/#breadcrumb","itemListElement":[{"@type":"ListItem","position":1,"name":"Accueil","item":"https:\/\/www.ohis.be\/de\/"},{"@type":"ListItem","position":2,"name":"Neuer VETTER-S\u00e4ulenschwenkkran in Comines steigert Produktivit\u00e4t und Sicherheit"}]},{"@type":"WebSite","@id":"https:\/\/www.ohis.be\/#website","url":"https:\/\/www.ohis.be\/","name":"Ohis","description":"Outils de levage","publisher":{"@id":"https:\/\/www.ohis.be\/#organization"},"potentialAction":[{"@type":"SearchAction","target":{"@type":"EntryPoint","urlTemplate":"https:\/\/www.ohis.be\/?s={search_term_string}"},"query-input":{"@type":"PropertyValueSpecification","valueRequired":true,"valueName":"search_term_string"}}],"inLanguage":"de"},{"@type":"Organization","@id":"https:\/\/www.ohis.be\/#organization","name":"Ohis","url":"https:\/\/www.ohis.be\/","logo":{"@type":"ImageObject","inLanguage":"de","@id":"https:\/\/www.ohis.be\/#\/schema\/logo\/image\/","url":"https:\/\/www.ohis.be\/wp-content\/uploads\/2021\/02\/logo-ohis-wit.svg","contentUrl":"https:\/\/www.ohis.be\/wp-content\/uploads\/2021\/02\/logo-ohis-wit.svg","caption":"Ohis"},"image":{"@id":"https:\/\/www.ohis.be\/#\/schema\/logo\/image\/"}},{"@type":"Person","@id":"https:\/\/www.ohis.be\/#\/schema\/person\/73c0dd340351c70d77273b650e24306f","name":"Christophe Bontinck","image":{"@type":"ImageObject","inLanguage":"de","@id":"https:\/\/secure.gravatar.com\/avatar\/e91a7585ff4b49b31ac58b8cb469f4ff41cdf3f4174459c179977ffe0b684f92?s=96&d=mm&r=g","url":"https:\/\/secure.gravatar.com\/avatar\/e91a7585ff4b49b31ac58b8cb469f4ff41cdf3f4174459c179977ffe0b684f92?s=96&d=mm&r=g","contentUrl":"https:\/\/secure.gravatar.com\/avatar\/e91a7585ff4b49b31ac58b8cb469f4ff41cdf3f4174459c179977ffe0b684f92?s=96&d=mm&r=g","caption":"Christophe Bontinck"},"url":"https:\/\/www.ohis.be\/de\/author\/cbohis-be\/"}]}},"_links":{"self":[{"href":"https:\/\/www.ohis.be\/de\/wp-json\/wp\/v2\/posts\/85774","targetHints":{"allow":["GET"]}}],"collection":[{"href":"https:\/\/www.ohis.be\/de\/wp-json\/wp\/v2\/posts"}],"about":[{"href":"https:\/\/www.ohis.be\/de\/wp-json\/wp\/v2\/types\/post"}],"author":[{"embeddable":true,"href":"https:\/\/www.ohis.be\/de\/wp-json\/wp\/v2\/users\/46"}],"replies":[{"embeddable":true,"href":"https:\/\/www.ohis.be\/de\/wp-json\/wp\/v2\/comments?post=85774"}],"version-history":[{"count":0,"href":"https:\/\/www.ohis.be\/de\/wp-json\/wp\/v2\/posts\/85774\/revisions"}],"wp:featuredmedia":[{"embeddable":true,"href":"https:\/\/www.ohis.be\/de\/wp-json\/wp\/v2\/media\/85749"}],"wp:attachment":[{"href":"https:\/\/www.ohis.be\/de\/wp-json\/wp\/v2\/media?parent=85774"}],"wp:term":[{"taxonomy":"category","embeddable":true,"href":"https:\/\/www.ohis.be\/de\/wp-json\/wp\/v2\/categories?post=85774"},{"taxonomy":"post_tag","embeddable":true,"href":"https:\/\/www.ohis.be\/de\/wp-json\/wp\/v2\/tags?post=85774"}],"curies":[{"name":"wp","href":"https:\/\/api.w.org\/{rel}","templated":true}]}}