{"id":84625,"date":"2025-08-22T16:45:09","date_gmt":"2025-08-22T14:45:09","guid":{"rendered":"https:\/\/www.ohis.be\/?p=84625"},"modified":"2025-08-22T16:46:45","modified_gmt":"2025-08-22T14:46:45","slug":"zwei-neue-laufkraene-bei-einem-kunden-in-nivelles-installiert","status":"publish","type":"post","link":"https:\/\/www.ohis.be\/de\/zwei-neue-laufkraene-bei-einem-kunden-in-nivelles-installiert\/","title":{"rendered":"Zwei neue Laufkr\u00e4ne bei einem Kunden in Nivelles installiert"},"content":{"rendered":"\t\t<div data-elementor-type=\"wp-post\" data-elementor-id=\"84625\" class=\"elementor elementor-84625 elementor-84593\" data-elementor-post-type=\"post\">\n\t\t\t\t<div class=\"elementor-element elementor-element-8e1c5c1 e-flex e-con-boxed e-con e-parent\" data-id=\"8e1c5c1\" data-element_type=\"container\" data-e-type=\"container\">\n\t\t\t\t\t<div class=\"e-con-inner\">\n\t\t\t\t<div class=\"elementor-element elementor-element-6c9ca95 elementor-widget elementor-widget-image\" data-id=\"6c9ca95\" data-element_type=\"widget\" data-e-type=\"widget\" data-widget_type=\"image.default\">\n\t\t\t\t<div class=\"elementor-widget-container\">\n\t\t\t\t\t\t\t\t\t\t\t\t\t\t\t<img fetchpriority=\"high\" decoding=\"async\" width=\"800\" height=\"600\" src=\"https:\/\/www.ohis.be\/wp-content\/uploads\/2025\/08\/20250806_123207-1024x768.jpg\" class=\"attachment-large size-large wp-image-84597\" alt=\"\" srcset=\"https:\/\/www.ohis.be\/wp-content\/uploads\/2025\/08\/20250806_123207-1024x768.jpg 1024w, https:\/\/www.ohis.be\/wp-content\/uploads\/2025\/08\/20250806_123207-300x225.jpg 300w, https:\/\/www.ohis.be\/wp-content\/uploads\/2025\/08\/20250806_123207-768x576.jpg 768w, https:\/\/www.ohis.be\/wp-content\/uploads\/2025\/08\/20250806_123207-1536x1152.jpg 1536w, https:\/\/www.ohis.be\/wp-content\/uploads\/2025\/08\/20250806_123207-2048x1536.jpg 2048w, https:\/\/www.ohis.be\/wp-content\/uploads\/2025\/08\/20250806_123207-24x18.jpg 24w, https:\/\/www.ohis.be\/wp-content\/uploads\/2025\/08\/20250806_123207-36x27.jpg 36w, https:\/\/www.ohis.be\/wp-content\/uploads\/2025\/08\/20250806_123207-48x36.jpg 48w, https:\/\/www.ohis.be\/wp-content\/uploads\/2025\/08\/20250806_123207-600x450.jpg 600w, https:\/\/www.ohis.be\/wp-content\/uploads\/2025\/08\/20250806_123207-64x48.jpg 64w\" sizes=\"(max-width: 800px) 100vw, 800px\" \/>\t\t\t\t\t\t\t\t\t\t\t\t\t\t\t<\/div>\n\t\t\t\t<\/div>\n\t\t\t\t\t<\/div>\n\t\t\t\t<\/div>\n\t\t<div class=\"elementor-element elementor-element-57844b0 e-flex e-con-boxed e-con e-parent\" data-id=\"57844b0\" data-element_type=\"container\" data-e-type=\"container\">\n\t\t\t\t\t<div class=\"e-con-inner\">\n\t\t<div class=\"elementor-element elementor-element-cbe2c5d e-con-full e-flex e-con e-child\" data-id=\"cbe2c5d\" data-element_type=\"container\" data-e-type=\"container\">\n\t\t\t\t<div class=\"elementor-element elementor-element-079e18f elementor-widget elementor-widget-text-editor\" data-id=\"079e18f\" data-element_type=\"widget\" data-e-type=\"widget\" data-widget_type=\"text-editor.default\">\n\t\t\t\t<div class=\"elementor-widget-container\">\n\t\t\t\t\t\t\t\t\t<p><strong>OHIS Industrie<\/strong> hat k\u00fcrzlich zwei leistungsstarke Laufkr\u00e4ne bei einem Industriekunden in <strong>Nivelles<\/strong>, Belgien installiert. Dieses Projekt zeigt unsere Kompetenz in den Bereichen <strong>Hebetechnik<\/strong>, <strong>Raumoptimierung<\/strong> und <strong>sicheres Arbeiten in industriellen Umgebungen<\/strong>.<\/p><p><strong>\u2705 Projekt\u00fcbersicht<\/strong><\/p><ul><li><strong>Standort<\/strong>: Nivelles, Belgien<\/li><li><strong>Installation<\/strong>: Zwei Laufkr\u00e4ne auf gemeinsamer Fahrbahn<\/li><li><strong>Tragf\u00e4higkeiten<\/strong>:<ul><li>Kran 1: <strong>3200 kg<\/strong><\/li><li>Kran 2: <strong>5000 kg<\/strong><\/li><\/ul><\/li><li><strong>Steuerung<\/strong>: <strong>Funkfernbedienung von Teleradio<\/strong><\/li><li><strong>Besonderheit<\/strong>: Ein Hubwerk mit <strong>niedriger Bauh\u00f6he<\/strong> zur optimalen Raumnutzung<\/li><\/ul><p><strong>\ud83d\udd0d<\/strong><strong> Intelligente L\u00f6sungen f\u00fcr begrenzten Raum<\/strong><\/p><p>In Industriegeb\u00e4uden mit geringer Deckenh\u00f6he sind kompakte Hebel\u00f6sungen entscheidend. Daher wurde eines der Hubwerke mit einer <strong>niedrigen Bauh\u00f6he<\/strong> ausgestattet, um den verf\u00fcgbaren Raum bestm\u00f6glich zu nutzen \u2013 ohne Kompromisse bei Sicherheit oder Leistung.<\/p><p><strong>\ud83d\udd12<\/strong><strong> Sicherheit und Benutzerfreundlichkeit<\/strong><\/p><p>Beide Laufkr\u00e4ne werden \u00fcber eine <strong>drahtlose Teleradio-Fernbedienung<\/strong> gesteuert, was folgende Vorteile bietet:<\/p><ul><li>Mehr Flexibilit\u00e4t f\u00fcr den Bediener<\/li><li>Weniger Kabel und Hindernisse am Boden<\/li><li>Verbesserte Sicherheit und Ergonomie<\/li><\/ul><p><strong>\ud83d\udcac<\/strong><strong> Warum OHIS Industrie w\u00e4hlen?<\/strong><\/p><p>Bei OHIS Industrie verbinden wir <strong>technisches Know-how<\/strong> mit <strong>kundenorientierten L\u00f6sungen<\/strong>. Ob Standard-Hebesysteme oder ma\u00dfgeschneiderte Projekte in komplexen Umgebungen \u2013 wir begleiten unsere Kunden von der Planung bis zur Installation.<\/p><p>\ud83d\udcde <strong>Interesse an einer ma\u00dfgeschneiderten Hebel\u00f6sung?<\/strong><br \/><a href=\"https:\/\/www.ohis.be\/de\/kontakt\/\">Kontaktieren Sie OHIS Industrie und erfahren Sie, wie wir Ihre industriellen Prozesse optimieren k\u00f6nnen.<\/a><\/p>\t\t\t\t\t\t\t\t<\/div>\n\t\t\t\t<\/div>\n\t\t\t\t<\/div>\n\t\t<div class=\"elementor-element elementor-element-7b17c5f e-con-full e-flex e-con e-child\" data-id=\"7b17c5f\" data-element_type=\"container\" data-e-type=\"container\">\n\t\t\t\t<div class=\"elementor-element elementor-element-1a5da62 elementor-widget elementor-widget-image\" data-id=\"1a5da62\" data-element_type=\"widget\" data-e-type=\"widget\" data-widget_type=\"image.default\">\n\t\t\t\t<div class=\"elementor-widget-container\">\n\t\t\t\t\t\t\t\t\t\t\t\t\t\t\t<img decoding=\"async\" width=\"768\" height=\"1024\" src=\"https:\/\/www.ohis.be\/wp-content\/uploads\/2025\/08\/20250807_130610-768x1024.jpg\" class=\"attachment-large size-large wp-image-84602\" alt=\"\" srcset=\"https:\/\/www.ohis.be\/wp-content\/uploads\/2025\/08\/20250807_130610-768x1024.jpg 768w, https:\/\/www.ohis.be\/wp-content\/uploads\/2025\/08\/20250807_130610-225x300.jpg 225w, https:\/\/www.ohis.be\/wp-content\/uploads\/2025\/08\/20250807_130610-1152x1536.jpg 1152w, https:\/\/www.ohis.be\/wp-content\/uploads\/2025\/08\/20250807_130610-1536x2048.jpg 1536w, https:\/\/www.ohis.be\/wp-content\/uploads\/2025\/08\/20250807_130610-18x24.jpg 18w, https:\/\/www.ohis.be\/wp-content\/uploads\/2025\/08\/20250807_130610-27x36.jpg 27w, https:\/\/www.ohis.be\/wp-content\/uploads\/2025\/08\/20250807_130610-36x48.jpg 36w, https:\/\/www.ohis.be\/wp-content\/uploads\/2025\/08\/20250807_130610-600x800.jpg 600w, https:\/\/www.ohis.be\/wp-content\/uploads\/2025\/08\/20250807_130610-64x85.jpg 64w, https:\/\/www.ohis.be\/wp-content\/uploads\/2025\/08\/20250807_130610-scaled.jpg 1920w\" sizes=\"(max-width: 768px) 100vw, 768px\" \/>\t\t\t\t\t\t\t\t\t\t\t\t\t\t\t<\/div>\n\t\t\t\t<\/div>\n\t\t\t\t<\/div>\n\t\t\t\t\t<\/div>\n\t\t\t\t<\/div>\n\t\t\t\t<\/div>\n\t\t","protected":false},"excerpt":{"rendered":"<p>OHIS Industrie hat k\u00fcrzlich zwei leistungsstarke Laufkr\u00e4ne bei einem Industriekunden in Nivelles, Belgien installiert. Dieses Projekt zeigt unsere Kompetenz in den Bereichen Hebetechnik, Raumoptimierung und sicheres Arbeiten in industriellen Umgebungen. \u2705 Projekt\u00fcbersicht Standort: Nivelles, Belgien Installation: Zwei Laufkr\u00e4ne auf gemeinsamer Fahrbahn Tragf\u00e4higkeiten: Kran 1: 3200 kg Kran 2: 5000 kg Steuerung: Funkfernbedienung von Teleradio Besonderheit: [&hellip;]<\/p>\n","protected":false},"author":46,"featured_media":84597,"comment_status":"closed","ping_status":"closed","sticky":false,"template":"","format":"standard","meta":{"_acf_changed":false,"inline_featured_image":false,"footnotes":""},"categories":[69],"tags":[],"class_list":["post-84625","post","type-post","status-publish","format-standard","has-post-thumbnail","hentry","category-krane"],"acf":[],"yoast_head":"<!-- This site is optimized with the Yoast SEO plugin v27.4 - https:\/\/yoast.com\/product\/yoast-seo-wordpress\/ -->\n<title>Zwei neue Laufkr\u00e4ne bei einem Kunden in Nivelles installiert - Ohis<\/title>\n<meta name=\"robots\" content=\"index, follow, max-snippet:-1, max-image-preview:large, max-video-preview:-1\" \/>\n<link rel=\"canonical\" href=\"https:\/\/www.ohis.be\/de\/zwei-neue-laufkraene-bei-einem-kunden-in-nivelles-installiert\/\" \/>\n<meta property=\"og:locale\" content=\"de_DE\" \/>\n<meta property=\"og:type\" content=\"article\" \/>\n<meta property=\"og:title\" content=\"Zwei neue Laufkr\u00e4ne bei einem Kunden in Nivelles installiert - Ohis\" \/>\n<meta property=\"og:description\" content=\"OHIS Industrie hat k\u00fcrzlich zwei leistungsstarke Laufkr\u00e4ne bei einem Industriekunden in Nivelles, Belgien installiert. Dieses Projekt zeigt unsere Kompetenz in den Bereichen Hebetechnik, Raumoptimierung und sicheres Arbeiten in industriellen Umgebungen. \u2705 Projekt\u00fcbersicht Standort: Nivelles, Belgien Installation: Zwei Laufkr\u00e4ne auf gemeinsamer Fahrbahn Tragf\u00e4higkeiten: Kran 1: 3200 kg Kran 2: 5000 kg Steuerung: Funkfernbedienung von Teleradio Besonderheit: [&hellip;]\" \/>\n<meta property=\"og:url\" content=\"https:\/\/www.ohis.be\/de\/zwei-neue-laufkraene-bei-einem-kunden-in-nivelles-installiert\/\" \/>\n<meta property=\"og:site_name\" content=\"Ohis\" \/>\n<meta property=\"article:published_time\" content=\"2025-08-22T14:45:09+00:00\" \/>\n<meta property=\"article:modified_time\" content=\"2025-08-22T14:46:45+00:00\" \/>\n<meta property=\"og:image\" content=\"https:\/\/www.ohis.be\/wp-content\/uploads\/2025\/08\/20250806_123207-scaled.jpg\" \/>\n\t<meta property=\"og:image:width\" content=\"2560\" \/>\n\t<meta property=\"og:image:height\" content=\"1920\" \/>\n\t<meta property=\"og:image:type\" content=\"image\/jpeg\" \/>\n<meta name=\"author\" content=\"Christophe Bontinck\" \/>\n<meta name=\"twitter:card\" content=\"summary_large_image\" \/>\n<meta name=\"twitter:label1\" content=\"Verfasst von\" \/>\n\t<meta name=\"twitter:data1\" content=\"Christophe Bontinck\" \/>\n\t<meta name=\"twitter:label2\" content=\"Gesch\u00e4tzte Lesezeit\" \/>\n\t<meta name=\"twitter:data2\" content=\"3\u00a0Minuten\" \/>\n<script type=\"application\/ld+json\" class=\"yoast-schema-graph\">{\"@context\":\"https:\\\/\\\/schema.org\",\"@graph\":[{\"@type\":\"Article\",\"@id\":\"https:\\\/\\\/www.ohis.be\\\/de\\\/zwei-neue-laufkraene-bei-einem-kunden-in-nivelles-installiert\\\/#article\",\"isPartOf\":{\"@id\":\"https:\\\/\\\/www.ohis.be\\\/de\\\/zwei-neue-laufkraene-bei-einem-kunden-in-nivelles-installiert\\\/\"},\"author\":{\"name\":\"Christophe Bontinck\",\"@id\":\"https:\\\/\\\/www.ohis.be\\\/#\\\/schema\\\/person\\\/73c0dd340351c70d77273b650e24306f\"},\"headline\":\"Zwei neue Laufkr\u00e4ne bei einem Kunden in Nivelles installiert\",\"datePublished\":\"2025-08-22T14:45:09+00:00\",\"dateModified\":\"2025-08-22T14:46:45+00:00\",\"mainEntityOfPage\":{\"@id\":\"https:\\\/\\\/www.ohis.be\\\/de\\\/zwei-neue-laufkraene-bei-einem-kunden-in-nivelles-installiert\\\/\"},\"wordCount\":209,\"publisher\":{\"@id\":\"https:\\\/\\\/www.ohis.be\\\/#organization\"},\"image\":{\"@id\":\"https:\\\/\\\/www.ohis.be\\\/de\\\/zwei-neue-laufkraene-bei-einem-kunden-in-nivelles-installiert\\\/#primaryimage\"},\"thumbnailUrl\":\"https:\\\/\\\/www.ohis.be\\\/wp-content\\\/uploads\\\/2025\\\/08\\\/20250806_123207-scaled.jpg\",\"articleSection\":[\"Krane\"],\"inLanguage\":\"de\"},{\"@type\":\"WebPage\",\"@id\":\"https:\\\/\\\/www.ohis.be\\\/de\\\/zwei-neue-laufkraene-bei-einem-kunden-in-nivelles-installiert\\\/\",\"url\":\"https:\\\/\\\/www.ohis.be\\\/de\\\/zwei-neue-laufkraene-bei-einem-kunden-in-nivelles-installiert\\\/\",\"name\":\"Zwei neue Laufkr\u00e4ne bei einem Kunden in Nivelles installiert - Ohis\",\"isPartOf\":{\"@id\":\"https:\\\/\\\/www.ohis.be\\\/#website\"},\"primaryImageOfPage\":{\"@id\":\"https:\\\/\\\/www.ohis.be\\\/de\\\/zwei-neue-laufkraene-bei-einem-kunden-in-nivelles-installiert\\\/#primaryimage\"},\"image\":{\"@id\":\"https:\\\/\\\/www.ohis.be\\\/de\\\/zwei-neue-laufkraene-bei-einem-kunden-in-nivelles-installiert\\\/#primaryimage\"},\"thumbnailUrl\":\"https:\\\/\\\/www.ohis.be\\\/wp-content\\\/uploads\\\/2025\\\/08\\\/20250806_123207-scaled.jpg\",\"datePublished\":\"2025-08-22T14:45:09+00:00\",\"dateModified\":\"2025-08-22T14:46:45+00:00\",\"breadcrumb\":{\"@id\":\"https:\\\/\\\/www.ohis.be\\\/de\\\/zwei-neue-laufkraene-bei-einem-kunden-in-nivelles-installiert\\\/#breadcrumb\"},\"inLanguage\":\"de\",\"potentialAction\":[{\"@type\":\"ReadAction\",\"target\":[\"https:\\\/\\\/www.ohis.be\\\/de\\\/zwei-neue-laufkraene-bei-einem-kunden-in-nivelles-installiert\\\/\"]}]},{\"@type\":\"ImageObject\",\"inLanguage\":\"de\",\"@id\":\"https:\\\/\\\/www.ohis.be\\\/de\\\/zwei-neue-laufkraene-bei-einem-kunden-in-nivelles-installiert\\\/#primaryimage\",\"url\":\"https:\\\/\\\/www.ohis.be\\\/wp-content\\\/uploads\\\/2025\\\/08\\\/20250806_123207-scaled.jpg\",\"contentUrl\":\"https:\\\/\\\/www.ohis.be\\\/wp-content\\\/uploads\\\/2025\\\/08\\\/20250806_123207-scaled.jpg\",\"width\":2560,\"height\":1920},{\"@type\":\"BreadcrumbList\",\"@id\":\"https:\\\/\\\/www.ohis.be\\\/de\\\/zwei-neue-laufkraene-bei-einem-kunden-in-nivelles-installiert\\\/#breadcrumb\",\"itemListElement\":[{\"@type\":\"ListItem\",\"position\":1,\"name\":\"Accueil\",\"item\":\"https:\\\/\\\/www.ohis.be\\\/de\\\/\"},{\"@type\":\"ListItem\",\"position\":2,\"name\":\"Zwei neue Laufkr\u00e4ne bei einem Kunden in Nivelles installiert\"}]},{\"@type\":\"WebSite\",\"@id\":\"https:\\\/\\\/www.ohis.be\\\/#website\",\"url\":\"https:\\\/\\\/www.ohis.be\\\/\",\"name\":\"Ohis\",\"description\":\"Outils de levage\",\"publisher\":{\"@id\":\"https:\\\/\\\/www.ohis.be\\\/#organization\"},\"potentialAction\":[{\"@type\":\"SearchAction\",\"target\":{\"@type\":\"EntryPoint\",\"urlTemplate\":\"https:\\\/\\\/www.ohis.be\\\/?s={search_term_string}\"},\"query-input\":{\"@type\":\"PropertyValueSpecification\",\"valueRequired\":true,\"valueName\":\"search_term_string\"}}],\"inLanguage\":\"de\"},{\"@type\":\"Organization\",\"@id\":\"https:\\\/\\\/www.ohis.be\\\/#organization\",\"name\":\"Ohis\",\"url\":\"https:\\\/\\\/www.ohis.be\\\/\",\"logo\":{\"@type\":\"ImageObject\",\"inLanguage\":\"de\",\"@id\":\"https:\\\/\\\/www.ohis.be\\\/#\\\/schema\\\/logo\\\/image\\\/\",\"url\":\"https:\\\/\\\/www.ohis.be\\\/wp-content\\\/uploads\\\/2021\\\/02\\\/logo-ohis-wit.svg\",\"contentUrl\":\"https:\\\/\\\/www.ohis.be\\\/wp-content\\\/uploads\\\/2021\\\/02\\\/logo-ohis-wit.svg\",\"caption\":\"Ohis\"},\"image\":{\"@id\":\"https:\\\/\\\/www.ohis.be\\\/#\\\/schema\\\/logo\\\/image\\\/\"}},{\"@type\":\"Person\",\"@id\":\"https:\\\/\\\/www.ohis.be\\\/#\\\/schema\\\/person\\\/73c0dd340351c70d77273b650e24306f\",\"name\":\"Christophe Bontinck\",\"image\":{\"@type\":\"ImageObject\",\"inLanguage\":\"de\",\"@id\":\"https:\\\/\\\/secure.gravatar.com\\\/avatar\\\/e91a7585ff4b49b31ac58b8cb469f4ff41cdf3f4174459c179977ffe0b684f92?s=96&d=mm&r=g\",\"url\":\"https:\\\/\\\/secure.gravatar.com\\\/avatar\\\/e91a7585ff4b49b31ac58b8cb469f4ff41cdf3f4174459c179977ffe0b684f92?s=96&d=mm&r=g\",\"contentUrl\":\"https:\\\/\\\/secure.gravatar.com\\\/avatar\\\/e91a7585ff4b49b31ac58b8cb469f4ff41cdf3f4174459c179977ffe0b684f92?s=96&d=mm&r=g\",\"caption\":\"Christophe Bontinck\"},\"url\":\"https:\\\/\\\/www.ohis.be\\\/de\\\/author\\\/cbohis-be\\\/\"}]}<\/script>\n<!-- \/ Yoast SEO plugin. -->","yoast_head_json":{"title":"Zwei neue Laufkr\u00e4ne bei einem Kunden in Nivelles installiert - Ohis","robots":{"index":"index","follow":"follow","max-snippet":"max-snippet:-1","max-image-preview":"max-image-preview:large","max-video-preview":"max-video-preview:-1"},"canonical":"https:\/\/www.ohis.be\/de\/zwei-neue-laufkraene-bei-einem-kunden-in-nivelles-installiert\/","og_locale":"de_DE","og_type":"article","og_title":"Zwei neue Laufkr\u00e4ne bei einem Kunden in Nivelles installiert - Ohis","og_description":"OHIS Industrie hat k\u00fcrzlich zwei leistungsstarke Laufkr\u00e4ne bei einem Industriekunden in Nivelles, Belgien installiert. Dieses Projekt zeigt unsere Kompetenz in den Bereichen Hebetechnik, Raumoptimierung und sicheres Arbeiten in industriellen Umgebungen. \u2705 Projekt\u00fcbersicht Standort: Nivelles, Belgien Installation: Zwei Laufkr\u00e4ne auf gemeinsamer Fahrbahn Tragf\u00e4higkeiten: Kran 1: 3200 kg Kran 2: 5000 kg Steuerung: Funkfernbedienung von Teleradio Besonderheit: [&hellip;]","og_url":"https:\/\/www.ohis.be\/de\/zwei-neue-laufkraene-bei-einem-kunden-in-nivelles-installiert\/","og_site_name":"Ohis","article_published_time":"2025-08-22T14:45:09+00:00","article_modified_time":"2025-08-22T14:46:45+00:00","og_image":[{"width":2560,"height":1920,"url":"https:\/\/www.ohis.be\/wp-content\/uploads\/2025\/08\/20250806_123207-scaled.jpg","type":"image\/jpeg"}],"author":"Christophe Bontinck","twitter_card":"summary_large_image","twitter_misc":{"Verfasst von":"Christophe Bontinck","Gesch\u00e4tzte Lesezeit":"3\u00a0Minuten"},"schema":{"@context":"https:\/\/schema.org","@graph":[{"@type":"Article","@id":"https:\/\/www.ohis.be\/de\/zwei-neue-laufkraene-bei-einem-kunden-in-nivelles-installiert\/#article","isPartOf":{"@id":"https:\/\/www.ohis.be\/de\/zwei-neue-laufkraene-bei-einem-kunden-in-nivelles-installiert\/"},"author":{"name":"Christophe Bontinck","@id":"https:\/\/www.ohis.be\/#\/schema\/person\/73c0dd340351c70d77273b650e24306f"},"headline":"Zwei neue Laufkr\u00e4ne bei einem Kunden in Nivelles installiert","datePublished":"2025-08-22T14:45:09+00:00","dateModified":"2025-08-22T14:46:45+00:00","mainEntityOfPage":{"@id":"https:\/\/www.ohis.be\/de\/zwei-neue-laufkraene-bei-einem-kunden-in-nivelles-installiert\/"},"wordCount":209,"publisher":{"@id":"https:\/\/www.ohis.be\/#organization"},"image":{"@id":"https:\/\/www.ohis.be\/de\/zwei-neue-laufkraene-bei-einem-kunden-in-nivelles-installiert\/#primaryimage"},"thumbnailUrl":"https:\/\/www.ohis.be\/wp-content\/uploads\/2025\/08\/20250806_123207-scaled.jpg","articleSection":["Krane"],"inLanguage":"de"},{"@type":"WebPage","@id":"https:\/\/www.ohis.be\/de\/zwei-neue-laufkraene-bei-einem-kunden-in-nivelles-installiert\/","url":"https:\/\/www.ohis.be\/de\/zwei-neue-laufkraene-bei-einem-kunden-in-nivelles-installiert\/","name":"Zwei neue Laufkr\u00e4ne bei einem Kunden in Nivelles installiert - Ohis","isPartOf":{"@id":"https:\/\/www.ohis.be\/#website"},"primaryImageOfPage":{"@id":"https:\/\/www.ohis.be\/de\/zwei-neue-laufkraene-bei-einem-kunden-in-nivelles-installiert\/#primaryimage"},"image":{"@id":"https:\/\/www.ohis.be\/de\/zwei-neue-laufkraene-bei-einem-kunden-in-nivelles-installiert\/#primaryimage"},"thumbnailUrl":"https:\/\/www.ohis.be\/wp-content\/uploads\/2025\/08\/20250806_123207-scaled.jpg","datePublished":"2025-08-22T14:45:09+00:00","dateModified":"2025-08-22T14:46:45+00:00","breadcrumb":{"@id":"https:\/\/www.ohis.be\/de\/zwei-neue-laufkraene-bei-einem-kunden-in-nivelles-installiert\/#breadcrumb"},"inLanguage":"de","potentialAction":[{"@type":"ReadAction","target":["https:\/\/www.ohis.be\/de\/zwei-neue-laufkraene-bei-einem-kunden-in-nivelles-installiert\/"]}]},{"@type":"ImageObject","inLanguage":"de","@id":"https:\/\/www.ohis.be\/de\/zwei-neue-laufkraene-bei-einem-kunden-in-nivelles-installiert\/#primaryimage","url":"https:\/\/www.ohis.be\/wp-content\/uploads\/2025\/08\/20250806_123207-scaled.jpg","contentUrl":"https:\/\/www.ohis.be\/wp-content\/uploads\/2025\/08\/20250806_123207-scaled.jpg","width":2560,"height":1920},{"@type":"BreadcrumbList","@id":"https:\/\/www.ohis.be\/de\/zwei-neue-laufkraene-bei-einem-kunden-in-nivelles-installiert\/#breadcrumb","itemListElement":[{"@type":"ListItem","position":1,"name":"Accueil","item":"https:\/\/www.ohis.be\/de\/"},{"@type":"ListItem","position":2,"name":"Zwei neue Laufkr\u00e4ne bei einem Kunden in Nivelles installiert"}]},{"@type":"WebSite","@id":"https:\/\/www.ohis.be\/#website","url":"https:\/\/www.ohis.be\/","name":"Ohis","description":"Outils de levage","publisher":{"@id":"https:\/\/www.ohis.be\/#organization"},"potentialAction":[{"@type":"SearchAction","target":{"@type":"EntryPoint","urlTemplate":"https:\/\/www.ohis.be\/?s={search_term_string}"},"query-input":{"@type":"PropertyValueSpecification","valueRequired":true,"valueName":"search_term_string"}}],"inLanguage":"de"},{"@type":"Organization","@id":"https:\/\/www.ohis.be\/#organization","name":"Ohis","url":"https:\/\/www.ohis.be\/","logo":{"@type":"ImageObject","inLanguage":"de","@id":"https:\/\/www.ohis.be\/#\/schema\/logo\/image\/","url":"https:\/\/www.ohis.be\/wp-content\/uploads\/2021\/02\/logo-ohis-wit.svg","contentUrl":"https:\/\/www.ohis.be\/wp-content\/uploads\/2021\/02\/logo-ohis-wit.svg","caption":"Ohis"},"image":{"@id":"https:\/\/www.ohis.be\/#\/schema\/logo\/image\/"}},{"@type":"Person","@id":"https:\/\/www.ohis.be\/#\/schema\/person\/73c0dd340351c70d77273b650e24306f","name":"Christophe Bontinck","image":{"@type":"ImageObject","inLanguage":"de","@id":"https:\/\/secure.gravatar.com\/avatar\/e91a7585ff4b49b31ac58b8cb469f4ff41cdf3f4174459c179977ffe0b684f92?s=96&d=mm&r=g","url":"https:\/\/secure.gravatar.com\/avatar\/e91a7585ff4b49b31ac58b8cb469f4ff41cdf3f4174459c179977ffe0b684f92?s=96&d=mm&r=g","contentUrl":"https:\/\/secure.gravatar.com\/avatar\/e91a7585ff4b49b31ac58b8cb469f4ff41cdf3f4174459c179977ffe0b684f92?s=96&d=mm&r=g","caption":"Christophe Bontinck"},"url":"https:\/\/www.ohis.be\/de\/author\/cbohis-be\/"}]}},"_links":{"self":[{"href":"https:\/\/www.ohis.be\/de\/wp-json\/wp\/v2\/posts\/84625","targetHints":{"allow":["GET"]}}],"collection":[{"href":"https:\/\/www.ohis.be\/de\/wp-json\/wp\/v2\/posts"}],"about":[{"href":"https:\/\/www.ohis.be\/de\/wp-json\/wp\/v2\/types\/post"}],"author":[{"embeddable":true,"href":"https:\/\/www.ohis.be\/de\/wp-json\/wp\/v2\/users\/46"}],"replies":[{"embeddable":true,"href":"https:\/\/www.ohis.be\/de\/wp-json\/wp\/v2\/comments?post=84625"}],"version-history":[{"count":0,"href":"https:\/\/www.ohis.be\/de\/wp-json\/wp\/v2\/posts\/84625\/revisions"}],"wp:featuredmedia":[{"embeddable":true,"href":"https:\/\/www.ohis.be\/de\/wp-json\/wp\/v2\/media\/84597"}],"wp:attachment":[{"href":"https:\/\/www.ohis.be\/de\/wp-json\/wp\/v2\/media?parent=84625"}],"wp:term":[{"taxonomy":"category","embeddable":true,"href":"https:\/\/www.ohis.be\/de\/wp-json\/wp\/v2\/categories?post=84625"},{"taxonomy":"post_tag","embeddable":true,"href":"https:\/\/www.ohis.be\/de\/wp-json\/wp\/v2\/tags?post=84625"}],"curies":[{"name":"wp","href":"https:\/\/api.w.org\/{rel}","templated":true}]}}