{"id":84520,"date":"2025-08-21T16:36:14","date_gmt":"2025-08-21T14:36:14","guid":{"rendered":"https:\/\/www.ohis.be\/?p=84520"},"modified":"2025-08-21T16:37:44","modified_gmt":"2025-08-21T14:37:44","slug":"technisches-upgrade-in-gent-eepos-haengekrane-mit-demag-dc-pro-hebezuegen-und-vahle-stromzufuehrung","status":"publish","type":"post","link":"https:\/\/www.ohis.be\/de\/technisches-upgrade-in-gent-eepos-haengekrane-mit-demag-dc-pro-hebezuegen-und-vahle-stromzufuehrung\/","title":{"rendered":"Technisches Upgrade in Gent: eepos-H\u00e4ngekrane mit Demag DC-Pro-Hebez\u00fcgen und Vahle-Stromzuf\u00fchrung"},"content":{"rendered":"\t\t<div data-elementor-type=\"wp-post\" data-elementor-id=\"84520\" class=\"elementor elementor-84520 elementor-84480\" data-elementor-post-type=\"post\">\n\t\t\t\t<div class=\"elementor-element elementor-element-17b43eb e-flex e-con-boxed e-con e-parent\" data-id=\"17b43eb\" data-element_type=\"container\" data-e-type=\"container\">\n\t\t\t\t\t<div class=\"e-con-inner\">\n\t\t\t\t<div class=\"elementor-element elementor-element-684cbb8 elementor-widget elementor-widget-text-editor\" data-id=\"684cbb8\" data-element_type=\"widget\" data-e-type=\"widget\" data-widget_type=\"text-editor.default\">\n\t\t\t\t<div class=\"elementor-widget-container\">\n\t\t\t\t\t\t\t\t\t<p>W\u00e4hrend des sommerlichen Produktionsstopps haben wir vier neue <strong>eepos-H\u00e4ngekrane<\/strong> in einer Produktionsumgebung in Gent installiert. Jeder Kran ist mit einem <strong>Demag DC-Pro 2-250 Elektrokettenzug<\/strong> mit einer Tragf\u00e4higkeit von <strong>250 kg<\/strong> ausgestattet und auf einer <strong>gemeinsamen Aluminium-Laufbahn<\/strong> montiert.<\/p><p>Die Stromversorgung erfolgt \u00fcber eine <strong>Vahle KBHF-Schleifleitungsanlage<\/strong>, eine robuste und wartungsarme L\u00f6sung f\u00fcr eine zuverl\u00e4ssige Energiezufuhr entlang der gesamten Fahrstrecke.<\/p><p>\ud83d\udd39 Modulares Aluminium-Kransystem<br \/>\ud83d\udd39 DC-Pro-Hebez\u00fcge mit integrierter Steuerung und wartungsfreier Bremse<br \/>\ud83d\udd39 Vahle-Schleifleitung f\u00fcr kontinuierliche Stromversorgung ohne Schleppkabel<br \/>\ud83d\udd39 Kompakte und flexible Installation<\/p><p>Eine zukunftssichere L\u00f6sung f\u00fcr Anwendungen, bei denen Pr\u00e4zision, Zuverl\u00e4ssigkeit und Skalierbarkeit im Vordergrund stehen.<\/p>\t\t\t\t\t\t\t\t<\/div>\n\t\t\t\t<\/div>\n\t\t\t\t\t<\/div>\n\t\t\t\t<\/div>\n\t\t<div class=\"elementor-element elementor-element-388f9ce e-flex e-con-boxed e-con e-parent\" data-id=\"388f9ce\" data-element_type=\"container\" data-e-type=\"container\">\n\t\t\t\t\t<div class=\"e-con-inner\">\n\t\t<div class=\"elementor-element elementor-element-d96b971 e-con-full e-flex e-con e-child\" data-id=\"d96b971\" data-element_type=\"container\" data-e-type=\"container\">\n\t\t\t\t<div class=\"elementor-element elementor-element-6e2b611 elementor-widget elementor-widget-image\" data-id=\"6e2b611\" data-element_type=\"widget\" data-e-type=\"widget\" data-widget_type=\"image.default\">\n\t\t\t\t<div class=\"elementor-widget-container\">\n\t\t\t\t\t\t\t\t\t\t\t\t\t\t\t<img fetchpriority=\"high\" decoding=\"async\" width=\"768\" height=\"1024\" src=\"https:\/\/www.ohis.be\/wp-content\/uploads\/2025\/08\/20250808_110312-768x1024.jpg\" class=\"attachment-large size-large wp-image-84489\" alt=\"\" srcset=\"https:\/\/www.ohis.be\/wp-content\/uploads\/2025\/08\/20250808_110312-768x1024.jpg 768w, https:\/\/www.ohis.be\/wp-content\/uploads\/2025\/08\/20250808_110312-225x300.jpg 225w, https:\/\/www.ohis.be\/wp-content\/uploads\/2025\/08\/20250808_110312-1152x1536.jpg 1152w, https:\/\/www.ohis.be\/wp-content\/uploads\/2025\/08\/20250808_110312-1536x2048.jpg 1536w, https:\/\/www.ohis.be\/wp-content\/uploads\/2025\/08\/20250808_110312-18x24.jpg 18w, https:\/\/www.ohis.be\/wp-content\/uploads\/2025\/08\/20250808_110312-27x36.jpg 27w, https:\/\/www.ohis.be\/wp-content\/uploads\/2025\/08\/20250808_110312-36x48.jpg 36w, https:\/\/www.ohis.be\/wp-content\/uploads\/2025\/08\/20250808_110312-600x800.jpg 600w, https:\/\/www.ohis.be\/wp-content\/uploads\/2025\/08\/20250808_110312-64x85.jpg 64w, https:\/\/www.ohis.be\/wp-content\/uploads\/2025\/08\/20250808_110312-scaled.jpg 1920w\" sizes=\"(max-width: 768px) 100vw, 768px\" \/>\t\t\t\t\t\t\t\t\t\t\t\t\t\t\t<\/div>\n\t\t\t\t<\/div>\n\t\t\t\t<\/div>\n\t\t<div class=\"elementor-element elementor-element-7d9cb17 e-con-full e-flex e-con e-child\" data-id=\"7d9cb17\" data-element_type=\"container\" data-e-type=\"container\">\n\t\t\t\t<div class=\"elementor-element elementor-element-679ffe2 elementor-widget elementor-widget-image\" data-id=\"679ffe2\" data-element_type=\"widget\" data-e-type=\"widget\" data-widget_type=\"image.default\">\n\t\t\t\t<div class=\"elementor-widget-container\">\n\t\t\t\t\t\t\t\t\t\t\t\t\t\t\t<img decoding=\"async\" width=\"768\" height=\"1024\" src=\"https:\/\/www.ohis.be\/wp-content\/uploads\/2025\/08\/20250808_111408-768x1024.jpg\" class=\"attachment-large size-large wp-image-84493\" alt=\"\" srcset=\"https:\/\/www.ohis.be\/wp-content\/uploads\/2025\/08\/20250808_111408-768x1024.jpg 768w, https:\/\/www.ohis.be\/wp-content\/uploads\/2025\/08\/20250808_111408-225x300.jpg 225w, https:\/\/www.ohis.be\/wp-content\/uploads\/2025\/08\/20250808_111408-1152x1536.jpg 1152w, https:\/\/www.ohis.be\/wp-content\/uploads\/2025\/08\/20250808_111408-1536x2048.jpg 1536w, https:\/\/www.ohis.be\/wp-content\/uploads\/2025\/08\/20250808_111408-18x24.jpg 18w, https:\/\/www.ohis.be\/wp-content\/uploads\/2025\/08\/20250808_111408-27x36.jpg 27w, https:\/\/www.ohis.be\/wp-content\/uploads\/2025\/08\/20250808_111408-36x48.jpg 36w, https:\/\/www.ohis.be\/wp-content\/uploads\/2025\/08\/20250808_111408-600x800.jpg 600w, https:\/\/www.ohis.be\/wp-content\/uploads\/2025\/08\/20250808_111408-64x85.jpg 64w, https:\/\/www.ohis.be\/wp-content\/uploads\/2025\/08\/20250808_111408-scaled.jpg 1920w\" sizes=\"(max-width: 768px) 100vw, 768px\" \/>\t\t\t\t\t\t\t\t\t\t\t\t\t\t\t<\/div>\n\t\t\t\t<\/div>\n\t\t\t\t<\/div>\n\t\t<div class=\"elementor-element elementor-element-732b89d e-con-full e-flex e-con e-child\" data-id=\"732b89d\" data-element_type=\"container\" data-e-type=\"container\">\n\t\t\t\t<div class=\"elementor-element elementor-element-5b84427 elementor-widget elementor-widget-image\" data-id=\"5b84427\" data-element_type=\"widget\" data-e-type=\"widget\" data-widget_type=\"image.default\">\n\t\t\t\t<div class=\"elementor-widget-container\">\n\t\t\t\t\t\t\t\t\t\t\t\t\t\t\t<img decoding=\"async\" width=\"768\" height=\"1024\" src=\"https:\/\/www.ohis.be\/wp-content\/uploads\/2025\/08\/20250806_091423-768x1024.jpg\" class=\"attachment-large size-large wp-image-84497\" alt=\"\" srcset=\"https:\/\/www.ohis.be\/wp-content\/uploads\/2025\/08\/20250806_091423-768x1024.jpg 768w, https:\/\/www.ohis.be\/wp-content\/uploads\/2025\/08\/20250806_091423-225x300.jpg 225w, https:\/\/www.ohis.be\/wp-content\/uploads\/2025\/08\/20250806_091423-1152x1536.jpg 1152w, https:\/\/www.ohis.be\/wp-content\/uploads\/2025\/08\/20250806_091423-1536x2048.jpg 1536w, https:\/\/www.ohis.be\/wp-content\/uploads\/2025\/08\/20250806_091423-18x24.jpg 18w, https:\/\/www.ohis.be\/wp-content\/uploads\/2025\/08\/20250806_091423-27x36.jpg 27w, https:\/\/www.ohis.be\/wp-content\/uploads\/2025\/08\/20250806_091423-36x48.jpg 36w, https:\/\/www.ohis.be\/wp-content\/uploads\/2025\/08\/20250806_091423-600x800.jpg 600w, https:\/\/www.ohis.be\/wp-content\/uploads\/2025\/08\/20250806_091423-64x85.jpg 64w, https:\/\/www.ohis.be\/wp-content\/uploads\/2025\/08\/20250806_091423-scaled.jpg 1920w\" sizes=\"(max-width: 768px) 100vw, 768px\" \/>\t\t\t\t\t\t\t\t\t\t\t\t\t\t\t<\/div>\n\t\t\t\t<\/div>\n\t\t\t\t<\/div>\n\t\t<div class=\"elementor-element elementor-element-d769247 e-con-full e-flex e-con e-child\" data-id=\"d769247\" data-element_type=\"container\" data-e-type=\"container\">\n\t\t\t\t<div class=\"elementor-element elementor-element-4cd8513 elementor-widget elementor-widget-image\" data-id=\"4cd8513\" data-element_type=\"widget\" data-e-type=\"widget\" data-widget_type=\"image.default\">\n\t\t\t\t<div class=\"elementor-widget-container\">\n\t\t\t\t\t\t\t\t\t\t\t\t\t\t\t<img loading=\"lazy\" decoding=\"async\" width=\"768\" height=\"1024\" src=\"https:\/\/www.ohis.be\/wp-content\/uploads\/2025\/08\/20250808_111424-768x1024.jpg\" class=\"attachment-large size-large wp-image-84484\" alt=\"\" srcset=\"https:\/\/www.ohis.be\/wp-content\/uploads\/2025\/08\/20250808_111424-768x1024.jpg 768w, https:\/\/www.ohis.be\/wp-content\/uploads\/2025\/08\/20250808_111424-225x300.jpg 225w, https:\/\/www.ohis.be\/wp-content\/uploads\/2025\/08\/20250808_111424-1152x1536.jpg 1152w, https:\/\/www.ohis.be\/wp-content\/uploads\/2025\/08\/20250808_111424-1536x2048.jpg 1536w, https:\/\/www.ohis.be\/wp-content\/uploads\/2025\/08\/20250808_111424-18x24.jpg 18w, https:\/\/www.ohis.be\/wp-content\/uploads\/2025\/08\/20250808_111424-27x36.jpg 27w, https:\/\/www.ohis.be\/wp-content\/uploads\/2025\/08\/20250808_111424-36x48.jpg 36w, https:\/\/www.ohis.be\/wp-content\/uploads\/2025\/08\/20250808_111424-600x800.jpg 600w, https:\/\/www.ohis.be\/wp-content\/uploads\/2025\/08\/20250808_111424-64x85.jpg 64w, https:\/\/www.ohis.be\/wp-content\/uploads\/2025\/08\/20250808_111424-scaled.jpg 1920w\" sizes=\"(max-width: 768px) 100vw, 768px\" \/>\t\t\t\t\t\t\t\t\t\t\t\t\t\t\t<\/div>\n\t\t\t\t<\/div>\n\t\t\t\t<\/div>\n\t\t\t\t\t<\/div>\n\t\t\t\t<\/div>\n\t\t<div class=\"elementor-element elementor-element-25ecf74 e-flex e-con-boxed e-con e-parent\" data-id=\"25ecf74\" data-element_type=\"container\" data-e-type=\"container\">\n\t\t\t\t\t<div class=\"e-con-inner\">\n\t\t\t\t<div class=\"elementor-element elementor-element-aefbb6e elementor-widget elementor-widget-text-editor\" data-id=\"aefbb6e\" data-element_type=\"widget\" data-e-type=\"widget\" data-widget_type=\"text-editor.default\">\n\t\t\t\t<div class=\"elementor-widget-container\">\n\t\t\t\t\t\t\t\t\t<p><strong>Hebetechnik #Demag #DCPro #eepos #Vahle #Automatisierung #Industrie40 #Engineering #Gent<\/strong><\/p>\t\t\t\t\t\t\t\t<\/div>\n\t\t\t\t<\/div>\n\t\t\t\t\t<\/div>\n\t\t\t\t<\/div>\n\t\t\t\t<\/div>\n\t\t","protected":false},"excerpt":{"rendered":"<p>W\u00e4hrend des sommerlichen Produktionsstopps haben wir vier neue eepos-H\u00e4ngekrane in einer Produktionsumgebung in Gent installiert. Jeder Kran ist mit einem Demag DC-Pro 2-250 Elektrokettenzug mit einer Tragf\u00e4higkeit von 250 kg ausgestattet und auf einer gemeinsamen Aluminium-Laufbahn montiert. Die Stromversorgung erfolgt \u00fcber eine Vahle KBHF-Schleifleitungsanlage, eine robuste und wartungsarme L\u00f6sung f\u00fcr eine zuverl\u00e4ssige Energiezufuhr entlang der [&hellip;]<\/p>\n","protected":false},"author":46,"featured_media":84484,"comment_status":"closed","ping_status":"closed","sticky":false,"template":"","format":"standard","meta":{"_acf_changed":false,"inline_featured_image":false,"footnotes":""},"categories":[193],"tags":[],"class_list":["post-84520","post","type-post","status-publish","format-standard","has-post-thumbnail","hentry","category-modular-kranen"],"acf":[],"yoast_head":"<!-- This site is optimized with the Yoast SEO plugin v27.4 - https:\/\/yoast.com\/product\/yoast-seo-wordpress\/ -->\n<title>Technisches Upgrade in Gent: eepos-H\u00e4ngekrane mit Demag DC-Pro-Hebez\u00fcgen und Vahle-Stromzuf\u00fchrung - Ohis<\/title>\n<meta name=\"robots\" content=\"index, follow, max-snippet:-1, max-image-preview:large, max-video-preview:-1\" \/>\n<link rel=\"canonical\" href=\"https:\/\/www.ohis.be\/de\/technisches-upgrade-in-gent-eepos-haengekrane-mit-demag-dc-pro-hebezuegen-und-vahle-stromzufuehrung\/\" \/>\n<meta property=\"og:locale\" content=\"de_DE\" \/>\n<meta property=\"og:type\" content=\"article\" \/>\n<meta property=\"og:title\" content=\"Technisches Upgrade in Gent: eepos-H\u00e4ngekrane mit Demag DC-Pro-Hebez\u00fcgen und Vahle-Stromzuf\u00fchrung - Ohis\" \/>\n<meta property=\"og:description\" content=\"W\u00e4hrend des sommerlichen Produktionsstopps haben wir vier neue eepos-H\u00e4ngekrane in einer Produktionsumgebung in Gent installiert. Jeder Kran ist mit einem Demag DC-Pro 2-250 Elektrokettenzug mit einer Tragf\u00e4higkeit von 250 kg ausgestattet und auf einer gemeinsamen Aluminium-Laufbahn montiert. Die Stromversorgung erfolgt \u00fcber eine Vahle KBHF-Schleifleitungsanlage, eine robuste und wartungsarme L\u00f6sung f\u00fcr eine zuverl\u00e4ssige Energiezufuhr entlang der [&hellip;]\" \/>\n<meta property=\"og:url\" content=\"https:\/\/www.ohis.be\/de\/technisches-upgrade-in-gent-eepos-haengekrane-mit-demag-dc-pro-hebezuegen-und-vahle-stromzufuehrung\/\" \/>\n<meta property=\"og:site_name\" content=\"Ohis\" \/>\n<meta property=\"article:published_time\" content=\"2025-08-21T14:36:14+00:00\" \/>\n<meta property=\"article:modified_time\" content=\"2025-08-21T14:37:44+00:00\" \/>\n<meta property=\"og:image\" content=\"https:\/\/www.ohis.be\/wp-content\/uploads\/2025\/08\/20250808_111424-scaled.jpg\" \/>\n\t<meta property=\"og:image:width\" content=\"1920\" \/>\n\t<meta property=\"og:image:height\" content=\"2560\" \/>\n\t<meta property=\"og:image:type\" content=\"image\/jpeg\" \/>\n<meta name=\"author\" content=\"Christophe Bontinck\" \/>\n<meta name=\"twitter:card\" content=\"summary_large_image\" \/>\n<meta name=\"twitter:label1\" content=\"Verfasst von\" \/>\n\t<meta name=\"twitter:data1\" content=\"Christophe Bontinck\" \/>\n\t<meta name=\"twitter:label2\" content=\"Gesch\u00e4tzte Lesezeit\" \/>\n\t<meta name=\"twitter:data2\" content=\"3\u00a0Minuten\" \/>\n<script type=\"application\/ld+json\" class=\"yoast-schema-graph\">{\"@context\":\"https:\\\/\\\/schema.org\",\"@graph\":[{\"@type\":\"Article\",\"@id\":\"https:\\\/\\\/www.ohis.be\\\/de\\\/technisches-upgrade-in-gent-eepos-haengekrane-mit-demag-dc-pro-hebezuegen-und-vahle-stromzufuehrung\\\/#article\",\"isPartOf\":{\"@id\":\"https:\\\/\\\/www.ohis.be\\\/de\\\/technisches-upgrade-in-gent-eepos-haengekrane-mit-demag-dc-pro-hebezuegen-und-vahle-stromzufuehrung\\\/\"},\"author\":{\"name\":\"Christophe Bontinck\",\"@id\":\"https:\\\/\\\/www.ohis.be\\\/#\\\/schema\\\/person\\\/73c0dd340351c70d77273b650e24306f\"},\"headline\":\"Technisches Upgrade in Gent: eepos-H\u00e4ngekrane mit Demag DC-Pro-Hebez\u00fcgen und Vahle-Stromzuf\u00fchrung\",\"datePublished\":\"2025-08-21T14:36:14+00:00\",\"dateModified\":\"2025-08-21T14:37:44+00:00\",\"mainEntityOfPage\":{\"@id\":\"https:\\\/\\\/www.ohis.be\\\/de\\\/technisches-upgrade-in-gent-eepos-haengekrane-mit-demag-dc-pro-hebezuegen-und-vahle-stromzufuehrung\\\/\"},\"wordCount\":123,\"publisher\":{\"@id\":\"https:\\\/\\\/www.ohis.be\\\/#organization\"},\"image\":{\"@id\":\"https:\\\/\\\/www.ohis.be\\\/de\\\/technisches-upgrade-in-gent-eepos-haengekrane-mit-demag-dc-pro-hebezuegen-und-vahle-stromzufuehrung\\\/#primaryimage\"},\"thumbnailUrl\":\"https:\\\/\\\/www.ohis.be\\\/wp-content\\\/uploads\\\/2025\\\/08\\\/20250808_111424-scaled.jpg\",\"articleSection\":[\"Modular kranen\"],\"inLanguage\":\"de\"},{\"@type\":\"WebPage\",\"@id\":\"https:\\\/\\\/www.ohis.be\\\/de\\\/technisches-upgrade-in-gent-eepos-haengekrane-mit-demag-dc-pro-hebezuegen-und-vahle-stromzufuehrung\\\/\",\"url\":\"https:\\\/\\\/www.ohis.be\\\/de\\\/technisches-upgrade-in-gent-eepos-haengekrane-mit-demag-dc-pro-hebezuegen-und-vahle-stromzufuehrung\\\/\",\"name\":\"Technisches Upgrade in Gent: eepos-H\u00e4ngekrane mit Demag DC-Pro-Hebez\u00fcgen und Vahle-Stromzuf\u00fchrung - Ohis\",\"isPartOf\":{\"@id\":\"https:\\\/\\\/www.ohis.be\\\/#website\"},\"primaryImageOfPage\":{\"@id\":\"https:\\\/\\\/www.ohis.be\\\/de\\\/technisches-upgrade-in-gent-eepos-haengekrane-mit-demag-dc-pro-hebezuegen-und-vahle-stromzufuehrung\\\/#primaryimage\"},\"image\":{\"@id\":\"https:\\\/\\\/www.ohis.be\\\/de\\\/technisches-upgrade-in-gent-eepos-haengekrane-mit-demag-dc-pro-hebezuegen-und-vahle-stromzufuehrung\\\/#primaryimage\"},\"thumbnailUrl\":\"https:\\\/\\\/www.ohis.be\\\/wp-content\\\/uploads\\\/2025\\\/08\\\/20250808_111424-scaled.jpg\",\"datePublished\":\"2025-08-21T14:36:14+00:00\",\"dateModified\":\"2025-08-21T14:37:44+00:00\",\"breadcrumb\":{\"@id\":\"https:\\\/\\\/www.ohis.be\\\/de\\\/technisches-upgrade-in-gent-eepos-haengekrane-mit-demag-dc-pro-hebezuegen-und-vahle-stromzufuehrung\\\/#breadcrumb\"},\"inLanguage\":\"de\",\"potentialAction\":[{\"@type\":\"ReadAction\",\"target\":[\"https:\\\/\\\/www.ohis.be\\\/de\\\/technisches-upgrade-in-gent-eepos-haengekrane-mit-demag-dc-pro-hebezuegen-und-vahle-stromzufuehrung\\\/\"]}]},{\"@type\":\"ImageObject\",\"inLanguage\":\"de\",\"@id\":\"https:\\\/\\\/www.ohis.be\\\/de\\\/technisches-upgrade-in-gent-eepos-haengekrane-mit-demag-dc-pro-hebezuegen-und-vahle-stromzufuehrung\\\/#primaryimage\",\"url\":\"https:\\\/\\\/www.ohis.be\\\/wp-content\\\/uploads\\\/2025\\\/08\\\/20250808_111424-scaled.jpg\",\"contentUrl\":\"https:\\\/\\\/www.ohis.be\\\/wp-content\\\/uploads\\\/2025\\\/08\\\/20250808_111424-scaled.jpg\",\"width\":1920,\"height\":2560},{\"@type\":\"BreadcrumbList\",\"@id\":\"https:\\\/\\\/www.ohis.be\\\/de\\\/technisches-upgrade-in-gent-eepos-haengekrane-mit-demag-dc-pro-hebezuegen-und-vahle-stromzufuehrung\\\/#breadcrumb\",\"itemListElement\":[{\"@type\":\"ListItem\",\"position\":1,\"name\":\"Accueil\",\"item\":\"https:\\\/\\\/www.ohis.be\\\/de\\\/\"},{\"@type\":\"ListItem\",\"position\":2,\"name\":\"Technisches Upgrade in Gent: eepos-H\u00e4ngekrane mit Demag DC-Pro-Hebez\u00fcgen und Vahle-Stromzuf\u00fchrung\"}]},{\"@type\":\"WebSite\",\"@id\":\"https:\\\/\\\/www.ohis.be\\\/#website\",\"url\":\"https:\\\/\\\/www.ohis.be\\\/\",\"name\":\"Ohis\",\"description\":\"Outils de levage\",\"publisher\":{\"@id\":\"https:\\\/\\\/www.ohis.be\\\/#organization\"},\"potentialAction\":[{\"@type\":\"SearchAction\",\"target\":{\"@type\":\"EntryPoint\",\"urlTemplate\":\"https:\\\/\\\/www.ohis.be\\\/?s={search_term_string}\"},\"query-input\":{\"@type\":\"PropertyValueSpecification\",\"valueRequired\":true,\"valueName\":\"search_term_string\"}}],\"inLanguage\":\"de\"},{\"@type\":\"Organization\",\"@id\":\"https:\\\/\\\/www.ohis.be\\\/#organization\",\"name\":\"Ohis\",\"url\":\"https:\\\/\\\/www.ohis.be\\\/\",\"logo\":{\"@type\":\"ImageObject\",\"inLanguage\":\"de\",\"@id\":\"https:\\\/\\\/www.ohis.be\\\/#\\\/schema\\\/logo\\\/image\\\/\",\"url\":\"https:\\\/\\\/www.ohis.be\\\/wp-content\\\/uploads\\\/2021\\\/02\\\/logo-ohis-wit.svg\",\"contentUrl\":\"https:\\\/\\\/www.ohis.be\\\/wp-content\\\/uploads\\\/2021\\\/02\\\/logo-ohis-wit.svg\",\"caption\":\"Ohis\"},\"image\":{\"@id\":\"https:\\\/\\\/www.ohis.be\\\/#\\\/schema\\\/logo\\\/image\\\/\"}},{\"@type\":\"Person\",\"@id\":\"https:\\\/\\\/www.ohis.be\\\/#\\\/schema\\\/person\\\/73c0dd340351c70d77273b650e24306f\",\"name\":\"Christophe Bontinck\",\"image\":{\"@type\":\"ImageObject\",\"inLanguage\":\"de\",\"@id\":\"https:\\\/\\\/secure.gravatar.com\\\/avatar\\\/e91a7585ff4b49b31ac58b8cb469f4ff41cdf3f4174459c179977ffe0b684f92?s=96&d=mm&r=g\",\"url\":\"https:\\\/\\\/secure.gravatar.com\\\/avatar\\\/e91a7585ff4b49b31ac58b8cb469f4ff41cdf3f4174459c179977ffe0b684f92?s=96&d=mm&r=g\",\"contentUrl\":\"https:\\\/\\\/secure.gravatar.com\\\/avatar\\\/e91a7585ff4b49b31ac58b8cb469f4ff41cdf3f4174459c179977ffe0b684f92?s=96&d=mm&r=g\",\"caption\":\"Christophe Bontinck\"},\"url\":\"https:\\\/\\\/www.ohis.be\\\/de\\\/author\\\/cbohis-be\\\/\"}]}<\/script>\n<!-- \/ Yoast SEO plugin. -->","yoast_head_json":{"title":"Technisches Upgrade in Gent: eepos-H\u00e4ngekrane mit Demag DC-Pro-Hebez\u00fcgen und Vahle-Stromzuf\u00fchrung - Ohis","robots":{"index":"index","follow":"follow","max-snippet":"max-snippet:-1","max-image-preview":"max-image-preview:large","max-video-preview":"max-video-preview:-1"},"canonical":"https:\/\/www.ohis.be\/de\/technisches-upgrade-in-gent-eepos-haengekrane-mit-demag-dc-pro-hebezuegen-und-vahle-stromzufuehrung\/","og_locale":"de_DE","og_type":"article","og_title":"Technisches Upgrade in Gent: eepos-H\u00e4ngekrane mit Demag DC-Pro-Hebez\u00fcgen und Vahle-Stromzuf\u00fchrung - Ohis","og_description":"W\u00e4hrend des sommerlichen Produktionsstopps haben wir vier neue eepos-H\u00e4ngekrane in einer Produktionsumgebung in Gent installiert. Jeder Kran ist mit einem Demag DC-Pro 2-250 Elektrokettenzug mit einer Tragf\u00e4higkeit von 250 kg ausgestattet und auf einer gemeinsamen Aluminium-Laufbahn montiert. Die Stromversorgung erfolgt \u00fcber eine Vahle KBHF-Schleifleitungsanlage, eine robuste und wartungsarme L\u00f6sung f\u00fcr eine zuverl\u00e4ssige Energiezufuhr entlang der [&hellip;]","og_url":"https:\/\/www.ohis.be\/de\/technisches-upgrade-in-gent-eepos-haengekrane-mit-demag-dc-pro-hebezuegen-und-vahle-stromzufuehrung\/","og_site_name":"Ohis","article_published_time":"2025-08-21T14:36:14+00:00","article_modified_time":"2025-08-21T14:37:44+00:00","og_image":[{"width":1920,"height":2560,"url":"https:\/\/www.ohis.be\/wp-content\/uploads\/2025\/08\/20250808_111424-scaled.jpg","type":"image\/jpeg"}],"author":"Christophe Bontinck","twitter_card":"summary_large_image","twitter_misc":{"Verfasst von":"Christophe Bontinck","Gesch\u00e4tzte Lesezeit":"3\u00a0Minuten"},"schema":{"@context":"https:\/\/schema.org","@graph":[{"@type":"Article","@id":"https:\/\/www.ohis.be\/de\/technisches-upgrade-in-gent-eepos-haengekrane-mit-demag-dc-pro-hebezuegen-und-vahle-stromzufuehrung\/#article","isPartOf":{"@id":"https:\/\/www.ohis.be\/de\/technisches-upgrade-in-gent-eepos-haengekrane-mit-demag-dc-pro-hebezuegen-und-vahle-stromzufuehrung\/"},"author":{"name":"Christophe Bontinck","@id":"https:\/\/www.ohis.be\/#\/schema\/person\/73c0dd340351c70d77273b650e24306f"},"headline":"Technisches Upgrade in Gent: eepos-H\u00e4ngekrane mit Demag DC-Pro-Hebez\u00fcgen und Vahle-Stromzuf\u00fchrung","datePublished":"2025-08-21T14:36:14+00:00","dateModified":"2025-08-21T14:37:44+00:00","mainEntityOfPage":{"@id":"https:\/\/www.ohis.be\/de\/technisches-upgrade-in-gent-eepos-haengekrane-mit-demag-dc-pro-hebezuegen-und-vahle-stromzufuehrung\/"},"wordCount":123,"publisher":{"@id":"https:\/\/www.ohis.be\/#organization"},"image":{"@id":"https:\/\/www.ohis.be\/de\/technisches-upgrade-in-gent-eepos-haengekrane-mit-demag-dc-pro-hebezuegen-und-vahle-stromzufuehrung\/#primaryimage"},"thumbnailUrl":"https:\/\/www.ohis.be\/wp-content\/uploads\/2025\/08\/20250808_111424-scaled.jpg","articleSection":["Modular kranen"],"inLanguage":"de"},{"@type":"WebPage","@id":"https:\/\/www.ohis.be\/de\/technisches-upgrade-in-gent-eepos-haengekrane-mit-demag-dc-pro-hebezuegen-und-vahle-stromzufuehrung\/","url":"https:\/\/www.ohis.be\/de\/technisches-upgrade-in-gent-eepos-haengekrane-mit-demag-dc-pro-hebezuegen-und-vahle-stromzufuehrung\/","name":"Technisches Upgrade in Gent: eepos-H\u00e4ngekrane mit Demag DC-Pro-Hebez\u00fcgen und Vahle-Stromzuf\u00fchrung - Ohis","isPartOf":{"@id":"https:\/\/www.ohis.be\/#website"},"primaryImageOfPage":{"@id":"https:\/\/www.ohis.be\/de\/technisches-upgrade-in-gent-eepos-haengekrane-mit-demag-dc-pro-hebezuegen-und-vahle-stromzufuehrung\/#primaryimage"},"image":{"@id":"https:\/\/www.ohis.be\/de\/technisches-upgrade-in-gent-eepos-haengekrane-mit-demag-dc-pro-hebezuegen-und-vahle-stromzufuehrung\/#primaryimage"},"thumbnailUrl":"https:\/\/www.ohis.be\/wp-content\/uploads\/2025\/08\/20250808_111424-scaled.jpg","datePublished":"2025-08-21T14:36:14+00:00","dateModified":"2025-08-21T14:37:44+00:00","breadcrumb":{"@id":"https:\/\/www.ohis.be\/de\/technisches-upgrade-in-gent-eepos-haengekrane-mit-demag-dc-pro-hebezuegen-und-vahle-stromzufuehrung\/#breadcrumb"},"inLanguage":"de","potentialAction":[{"@type":"ReadAction","target":["https:\/\/www.ohis.be\/de\/technisches-upgrade-in-gent-eepos-haengekrane-mit-demag-dc-pro-hebezuegen-und-vahle-stromzufuehrung\/"]}]},{"@type":"ImageObject","inLanguage":"de","@id":"https:\/\/www.ohis.be\/de\/technisches-upgrade-in-gent-eepos-haengekrane-mit-demag-dc-pro-hebezuegen-und-vahle-stromzufuehrung\/#primaryimage","url":"https:\/\/www.ohis.be\/wp-content\/uploads\/2025\/08\/20250808_111424-scaled.jpg","contentUrl":"https:\/\/www.ohis.be\/wp-content\/uploads\/2025\/08\/20250808_111424-scaled.jpg","width":1920,"height":2560},{"@type":"BreadcrumbList","@id":"https:\/\/www.ohis.be\/de\/technisches-upgrade-in-gent-eepos-haengekrane-mit-demag-dc-pro-hebezuegen-und-vahle-stromzufuehrung\/#breadcrumb","itemListElement":[{"@type":"ListItem","position":1,"name":"Accueil","item":"https:\/\/www.ohis.be\/de\/"},{"@type":"ListItem","position":2,"name":"Technisches Upgrade in Gent: eepos-H\u00e4ngekrane mit Demag DC-Pro-Hebez\u00fcgen und Vahle-Stromzuf\u00fchrung"}]},{"@type":"WebSite","@id":"https:\/\/www.ohis.be\/#website","url":"https:\/\/www.ohis.be\/","name":"Ohis","description":"Outils de levage","publisher":{"@id":"https:\/\/www.ohis.be\/#organization"},"potentialAction":[{"@type":"SearchAction","target":{"@type":"EntryPoint","urlTemplate":"https:\/\/www.ohis.be\/?s={search_term_string}"},"query-input":{"@type":"PropertyValueSpecification","valueRequired":true,"valueName":"search_term_string"}}],"inLanguage":"de"},{"@type":"Organization","@id":"https:\/\/www.ohis.be\/#organization","name":"Ohis","url":"https:\/\/www.ohis.be\/","logo":{"@type":"ImageObject","inLanguage":"de","@id":"https:\/\/www.ohis.be\/#\/schema\/logo\/image\/","url":"https:\/\/www.ohis.be\/wp-content\/uploads\/2021\/02\/logo-ohis-wit.svg","contentUrl":"https:\/\/www.ohis.be\/wp-content\/uploads\/2021\/02\/logo-ohis-wit.svg","caption":"Ohis"},"image":{"@id":"https:\/\/www.ohis.be\/#\/schema\/logo\/image\/"}},{"@type":"Person","@id":"https:\/\/www.ohis.be\/#\/schema\/person\/73c0dd340351c70d77273b650e24306f","name":"Christophe Bontinck","image":{"@type":"ImageObject","inLanguage":"de","@id":"https:\/\/secure.gravatar.com\/avatar\/e91a7585ff4b49b31ac58b8cb469f4ff41cdf3f4174459c179977ffe0b684f92?s=96&d=mm&r=g","url":"https:\/\/secure.gravatar.com\/avatar\/e91a7585ff4b49b31ac58b8cb469f4ff41cdf3f4174459c179977ffe0b684f92?s=96&d=mm&r=g","contentUrl":"https:\/\/secure.gravatar.com\/avatar\/e91a7585ff4b49b31ac58b8cb469f4ff41cdf3f4174459c179977ffe0b684f92?s=96&d=mm&r=g","caption":"Christophe Bontinck"},"url":"https:\/\/www.ohis.be\/de\/author\/cbohis-be\/"}]}},"_links":{"self":[{"href":"https:\/\/www.ohis.be\/de\/wp-json\/wp\/v2\/posts\/84520","targetHints":{"allow":["GET"]}}],"collection":[{"href":"https:\/\/www.ohis.be\/de\/wp-json\/wp\/v2\/posts"}],"about":[{"href":"https:\/\/www.ohis.be\/de\/wp-json\/wp\/v2\/types\/post"}],"author":[{"embeddable":true,"href":"https:\/\/www.ohis.be\/de\/wp-json\/wp\/v2\/users\/46"}],"replies":[{"embeddable":true,"href":"https:\/\/www.ohis.be\/de\/wp-json\/wp\/v2\/comments?post=84520"}],"version-history":[{"count":0,"href":"https:\/\/www.ohis.be\/de\/wp-json\/wp\/v2\/posts\/84520\/revisions"}],"wp:featuredmedia":[{"embeddable":true,"href":"https:\/\/www.ohis.be\/de\/wp-json\/wp\/v2\/media\/84484"}],"wp:attachment":[{"href":"https:\/\/www.ohis.be\/de\/wp-json\/wp\/v2\/media?parent=84520"}],"wp:term":[{"taxonomy":"category","embeddable":true,"href":"https:\/\/www.ohis.be\/de\/wp-json\/wp\/v2\/categories?post=84520"},{"taxonomy":"post_tag","embeddable":true,"href":"https:\/\/www.ohis.be\/de\/wp-json\/wp\/v2\/tags?post=84520"}],"curies":[{"name":"wp","href":"https:\/\/api.w.org\/{rel}","templated":true}]}}